{"id":258685,"date":"2018-12-25T14:15:48","date_gmt":"2018-12-25T13:15:48","guid":{"rendered":"http:\/\/www.pcnen.com\/portal\/?p=258685"},"modified":"2019-10-09T23:05:54","modified_gmt":"2019-10-09T21:05:54","slug":"kraj-godine","status":"publish","type":"post","link":"https:\/\/www.pcnen.com\/portal\/2018\/12\/25\/kraj-godine\/","title":{"rendered":"Kraj godine"},"content":{"rendered":"<p>Kao i svake, i u ovoj godini smo nizali uspjeh za uspjehom. Ljetna turisti\u010dka sezona je, kao i uvijek, bila rekordna, sa pove\u0107anim brojem turista za X odsto. Strana ulaganja bilje\u017ee novi rast, jagma stranih investitora i strate\u0161kih partnera ne jenjava,\u00a0 porastao je BDP.<\/p>\n<p>Podgorica je postala prepoznatljiva evropska metropola, prepoznatljivija \u010dak nego je bila za vrijeme vladavina kontroverznog Mugo\u0161e i polupismenog Stijepovi\u0107a. Otvaraju se nova radna mjesta, rade se putevi, \u0161kole, bonice&#8230;<\/p>\n<p>Vesna Medenica neumorno i du\u017ee od deceniju uspje\u0161no vr\u0161i reforme u pravosu\u0111u, gdje se bilje\u017ei s<img loading=\"lazy\" decoding=\"async\" class=\" wp-image-76388 alignleft\" src=\"http:\/\/www.pcnen.com\/portal\/wp-content\/uploads\/2012\/02\/Daliborka-Uljarevic-300x256.jpg\" alt=\"\" width=\"100\" height=\"85\" \/><img loading=\"lazy\" decoding=\"async\" class=\"wp-image-157785 alignleft\" src=\"http:\/\/www.pcnen.com\/portal\/wp-content\/uploads\/2014\/09\/Sanja-Vlahovic.jpg\" alt=\"\" width=\"87\" height=\"87\" \/>talni napredak u vladavini prava.<\/p>\n<p><img loading=\"lazy\" decoding=\"async\" class=\"wp-image-71521 alignleft\" src=\"http:\/\/www.pcnen.com\/portal\/wp-content\/uploads\/2011\/12\/Veselin-Veljovic-300x194.jpg\" alt=\"\" width=\"127\" height=\"82\" \/>Milo \u0110ukanovi\u0107 se nepokolebljivo rotira sa mjesta premijera na mjesto predsjednika dr\u017eave, te se uspje\u0161no takmi\u010di sa premijerom Markovi\u0107em u posjetama inostranstvu, prijemima, nala\u017eenju stranih investitora&#8230;<\/p>\n<p>Javni servis je poslije smjene \u010dlanova Savjeta RTCG i urednika ponovo objektivan, profesionalan i radi isklju\u010divo u interesu gra\u0111ana.<\/p>\n<p>Mustafi\u0107 nam je obznanio da od kada je on na \u010delu Zavoda za nezapo\u0161ljavanje stopa nezaposlenosti pala je za nekih &#8230; ne znam koliko procenata.<\/p>\n<p>Sve cvijeta.<\/p>\n<p>Opozicija se i dalje slo\u017eno bori da smijeni vlast, ulivaju\u0107i nezapam\u0107eno povjerenje i optimizam me\u0111u gra\u0111anima. Najja\u010da opoziciona grupacija, koja se nikada ne predaje, svako malo protestuje, ulazi i izlazi iz parlamenta, o\u010dekuje da \u0107e posle Nove godine napraviti protest na kojem \u0107e \u010duveni i najpametniji Crnogorac Branko Radulovi\u0107 na ulice izvesti 200.000 do 300.000 gra\u0111ana.<\/p>\n<p>Me\u0111unarodni prijatelji nas i dalje hvale na sva zvona, tako da \u0161ampionsko mjesto u demokratiji i napretku u svim oblastima i dalje suvereno dr\u017eimo.<\/p>\n<p>Tako je to u Balkanskom Monte Karlu.<\/p>\n<p>A da smo doista Monte Karlo na Balkanu potvrdio nam je i ju\u010dera\u0161nji podatak da su djeca Branimira Gvozdenovi\u0107a potro\u0161ila minimalno 370 000 eura za studiranje u inostranstvu. O\u010digledno je finansijski isplativije biti u vrhu DPS-a nego u vrhu ATP liste, a to sebi mo\u017ee priu\u0161titi samo Monte Karlo. Mo\u017eda i Monako!<\/p>\n<p>Ima i poneki problem, ali dru\u0161tvo u tridesetogodi\u0161njoj tranziciji mora imati i problema.<\/p>\n<p>Ranjena je samo jedna novinarka u ovoj godini \u2013 pucnjem u noge, \u0161to je tako\u0111e vidan napredak.<\/p>\n<p>I dalje se ubijamo zbog nekog tovara kokaina, umjesto da u\u017eivamo u njemu. Kao \u0161to u\u017eivaju mnogi koji nam vode dr\u017eavu. Kokain je prirodna droga (ako je \u010dist), a mi smo ekolo\u0161ka dr\u017eava.<\/p>\n<p>Tu i tamo se pojavi po neki pobjedovsko-pinkovsko-cekaelovski uradak protiv onih koji se ne razumiju u demokratiju. Prije par dana se u jednom takvom, neautorizovanom video uratku pojavio \u2018mafija\u0161\u2019 \u017deljko Ivanovi\u0107, a onda je na red do\u0161la i \u2018plagiajtorka\u2019 Daliborka Uljarevi\u0107.<\/p>\n<p>Nije Sanja Vlahovi\u0107 plagijatorka, jer da jeste ne bi je ovako demokratska i transparentna vlast poslala za ambasadora. Nije ni Babovi\u0107. A tek nije dvostruki direktor policije. Jer on uvijek radi sve isklju\u010divo po zakonu i pravilima slu\u017ebe. A i \u201efaca mu ga daje\u201c \u2013 da nije.<\/p>\n<p>Plagijatorka je Daliborka Uljarevi\u0107 \u2013 i ta\u010dka.<\/p>\n<p>U protekloj godini smo rije\u0161ili niz zna\u010dajnih i egzistencijalnih pitanja, veoma va\u017enih za gra\u0111ane. I Darka \u0160ukovi\u0107a. Nikad vi\u0161e 1918. je bez sumnje najva\u017enije.<\/p>\n<p>Su\u0111ene za dr\u017eavni udar jo\u0161 nismo priveli kraju, a trebalo bi. Posle obe\u0107avaju\u0107eg po\u010detka, postalo je dosadno kao i u ve\u0107ini rialitija. Iako svi u prvi plan stavljaju tu\u017eioca Katni\u0107a, na mene je najbolji umjetni\u010dki dojam ostavila sutkinja Mugo\u0161a. Vidi se da ju je Medenica reformisala.<\/p>\n<p>Za\u0161to se narod, pogotovu svr\u0161eni studenti,\u00a0 sve vi\u0161e\u00a0 i masovno sele u inostranstvo kada iz dana u dana napredujemo na svim poljima, nije mi jasno? No, narodu nikad ugoditi \u2013 dobro je re\u010deno.<\/p>\n<p>Zabrinjava i stopa samoubistava koja je abnormalna. \u00a0Takav smo narod izgleda &#8211; abnormalan.<\/p>\n<p>Ne bih dalje nabrajao sve upjehe iz nikad vi\u0161e 2018.<\/p>\n<p>Za kraj, moram se osvrnuti na neke glasine koje kru\u017ee:<\/p>\n<p>Nijedno blagostanje ne traje vje\u010dno, pa ne\u0107e ni ovo na\u0161e. Pri\u010da se da su dva prva \u010dovjeka dr\u017eave u nekoj vrsti tihog sukoba tj.odmjeravanja snaga, te da taj sukob mo\u017ee eskalirati kao onomad izme\u0111u Mila &amp; Momira. Ako ne daj bo\u017ee do\u0111e do ne\u010deg sli\u010dnog, obavezno da se sva Crna Gora opredijeli i podijeli: ko za Mila, ko za Du\u0161ka. Siguran sam da \u0107e u tom slu\u010daju ovi napredni intelektualci, NV<img loading=\"lazy\" decoding=\"async\" class=\"wp-image-217383 alignleft\" src=\"http:\/\/www.pcnen.com\/portal\/wp-content\/uploads\/2016\/11\/Dusko-Markovic.jpg\" alt=\"\" width=\"134\" height=\"145\" \/>O sektor, Vijesti i Dan stati na stranu demokrate Markovi\u0107a, patriote na stranu \u0110ukanovi\u0107a.<\/p>\n<p>Na mene ne ra\u010dunajte ako do tog demokratskog odmjeravanja snaga do\u0111e. Nisam uzimao strane ni u sukobu 1997, tada demokrate \u0110ukanovi\u0107a i patriote Bulatovi\u0107a.<\/p>\n<p>Za razliku od vas.<\/p>\n","protected":false},"excerpt":{"rendered":"<p>Pi\u0161e: Omer \u0160ARKI\u0106<\/p>\n","protected":false},"author":12,"featured_media":0,"comment_status":"open","ping_status":"closed","sticky":false,"template":"","format":"standard","meta":{"_seopress_robots_primary_cat":"","_seopress_titles_title":"","_seopress_titles_desc":"","_seopress_robots_index":"","_et_pb_use_builder":"","_et_pb_old_content":"","_et_gb_content_width":"","inline_featured_image":false,"footnotes":""},"categories":[17],"tags":[],"class_list":["post-258685","post","type-post","status-publish","format-standard","hentry","category-blogovi"],"_links":{"self":[{"href":"https:\/\/www.pcnen.com\/portal\/wp-json\/wp\/v2\/posts\/258685","targetHints":{"allow":["GET"]}}],"collection":[{"href":"https:\/\/www.pcnen.com\/portal\/wp-json\/wp\/v2\/posts"}],"about":[{"href":"https:\/\/www.pcnen.com\/portal\/wp-json\/wp\/v2\/types\/post"}],"author":[{"embeddable":true,"href":"https:\/\/www.pcnen.com\/portal\/wp-json\/wp\/v2\/users\/12"}],"replies":[{"embeddable":true,"href":"https:\/\/www.pcnen.com\/portal\/wp-json\/wp\/v2\/comments?post=258685"}],"version-history":[{"count":0,"href":"https:\/\/www.pcnen.com\/portal\/wp-json\/wp\/v2\/posts\/258685\/revisions"}],"wp:attachment":[{"href":"https:\/\/www.pcnen.com\/portal\/wp-json\/wp\/v2\/media?parent=258685"}],"wp:term":[{"taxonomy":"category","embeddable":true,"href":"https:\/\/www.pcnen.com\/portal\/wp-json\/wp\/v2\/categories?post=258685"},{"taxonomy":"post_tag","embeddable":true,"href":"https:\/\/www.pcnen.com\/portal\/wp-json\/wp\/v2\/tags?post=258685"}],"curies":[{"name":"wp","href":"https:\/\/api.w.org\/{rel}","templated":true}]}}