{"id":258466,"date":"2018-12-21T08:13:03","date_gmt":"2018-12-21T07:13:03","guid":{"rendered":"http:\/\/www.pcnen.com\/portal\/?p=258466"},"modified":"2018-12-27T07:26:59","modified_gmt":"2018-12-27T06:26:59","slug":"prvi-utisci-o-protestima-u-francuskoj","status":"publish","type":"post","link":"https:\/\/www.pcnen.com\/portal\/2018\/12\/21\/prvi-utisci-o-protestima-u-francuskoj\/","title":{"rendered":"Prvi utisci o protestima"},"content":{"rendered":"<div id=\"attachment_206735\" style=\"width: 310px\" class=\"wp-caption alignright\"><img loading=\"lazy\" decoding=\"async\" aria-describedby=\"caption-attachment-206735\" class=\"size-medium wp-image-206735\" src=\"http:\/\/www.pcnen.com\/portal\/wp-content\/uploads\/2016\/06\/branko-Milanovic-300x220.jpg\" alt=\"\" width=\"300\" height=\"220\" \/><p id=\"caption-attachment-206735\" class=\"wp-caption-text\">Branko Milanovi\u0107<\/p><\/div>\n<p><strong>Autor: Branko Milanovi\u0107<\/strong><\/p>\n<p>Mu\u010di me nesanica zbog d\u017eetlega, pa sam usred no\u0107i ustao da zabele\u017eim par utisaka o doga\u0111ajima u Francuskoj, koji su mi izgledali manje dramati\u010dno iz Njujorka nego sada kada ih pratim iz same Francuske. Mislim da se tu postavljaju dva va\u017ena pitanja, jedno novo i jedno staro.<\/p>\n<p>Verovatno je slu\u010dajnost to \u0161to je kap koja je prelila \u010da\u0161u bio porez na gorivo, koji najte\u017ee poga\u0111a seoska i prigradska podru\u010dja, kao i ljude sa skromnijim primanjima. \u010cini mi se da je do ovako \u017eestoke reakcije do\u0161lo ne toliko zbog samog poreza koliko zbog utiska ljudi da \u0107e nakon \u0161to su platili cenu globalizacije, neoliberalnih politika, preseljenja proizvodnje van zemlje, konkurencije jeftine radne snage i propadanja javnih servisa, sada preko svega morati da plate i cenu ne\u010dega \u0161to iz njihove perspektive, verovatno ne sasvim pogre\u0161no, izgleda kao elitisti\u010dki porez na klimatske promene.<\/p>\n<p>To otvara neka od op\u0161tih pitanja kojima sam se bavio u debati sa Jasonom Hickelom i Kate Raworth. Zagovornici kontra-rasta i oni koji tvrde da povodom klimatskih promena treba preduzeti ne\u0161to dramati\u010dno, neobi\u010dno su uzdr\u017eani i srame\u017eljivi kada treba imenovati one koji \u0107e platiti cenu svega toga. Kao \u0161to sam ve\u0107 pomenuo u raspravi sa Jasonom i Kate, ako su ozbiljni u svojim namerama, zapadnim gra\u0111anima treba re\u0107i da \u0107e njihovi realni dohoci morati da se prepolove i objasniti im kako \u0107e se to posti\u0107i. Zagovornici kontra-rasta o\u010digledno znaju da bi to bilo politi\u010dko samoubistvo, pa se radije ne izja\u0161njavaju i zaklanjaju iza \u201ela\u017eno komunitarnog\u201c diskursa o tome da smo svi jednako ugro\u017eeni i da \u0107e ekonomija nekako nastaviti da cveta, samo ako svi ozbiljno shvatimo problem \u2013 ne otkrivaju\u0107i nam koji bi se to konkretni porezi podizali i \u010dija primanja bi se smanjivala.<\/p>\n<p>Revolt u Francuskoj je ovo pitanje isterao na \u010distinu. Posle pretrpljenih udaraca globalizacije, pripadnici zapadne srednje klase nisu skloni pla\u0107anju poreza na klimatske promene. O\u010dekuje se da teoreti\u010dari kontra-rasta sada predlo\u017ee konkretne mere.<\/p>\n<p>Drugo pitanje je starije i ti\u010de se jaza izme\u0111u politi\u010dkih elita i ostatka stanovni\u0161tva. Macronovom uspehu je doprinelo to \u0161to je platforma njegove partije, koja je nastala neposredno pred izbore, bila udaljena od ve\u0107 postoje\u0107eg establi\u0161menta. Ali njegove politike su od po\u010detka i\u0161le u korist bogatih, kao neka vrsta osavremenjenog ta\u010derizma. One su i veoma elitisti\u010dke, a sam Macron je \u010desto otvoreno pokazivao prezir prema mi\u0161ljenju javnosti. Pomalo je bizarno \u0161to je takav \u201ebo\u017eanski\u201c pristup obavljanju predsedni\u010dke funkcije bio slavljen u levi\u010darskoj \u0161tampi na engleskom govornom podru\u010dju, iako su njegove dr\u017eavne politike bile naklonjene bogatima i otuda bliske Trumpovim politikama. Ali njegova retorika na me\u0111unarodnoj sceni je bila antitrampovska, pa su mu se opra\u0161tali potezi na doma\u0107em terenu.<\/p>\n<p>On je prili\u010dno nepromi\u0161ljeno produbio jaz izme\u0111u sebe i gra\u0111ana svojim patricijskim ambicijama i sklono\u0161\u0107u ka dr\u017eanju predavanja, \u0161to se ponekad grani\u010dilo sa apsurdom (kao kada je jednom 12-ogodi\u0161njaku o\u010ditao lekciju o ispravnom na\u010dinu obra\u0107anja predsedniku). U doba kada zapadne couches populaires (ni\u017ee klase) \u017eele politi\u010dare koji pokazuju empatiju Macron je odabrao druga\u010diji put, govore\u0107i ljudima da su sami krivi zato \u0161to nisu uspeli u \u017eivotu i nemaju posao. Tako je napravio istu gre\u0161ku kao Hillary sa svojim komentarom o ljudima \u201edostojnim prezira\u201c. Zato ne \u010dudi \u0161to se podr\u0161ka Macronu u ispitivanjima javnog mnjenja naglo istopila, a \u010dini mi se da su realni otpor i prezir koji ljudi ose\u0107aju prema njemu jo\u0161 ve\u0107i.<\/p>\n<p>U takvom okru\u017eenju odigrali su se les \u00e9v\u00e9nements (doga\u0111aji). Njihova dalja radikalizacija, naro\u010dito nasilna, ugrozila bi izvorne ciljeve pokreta. Godine 1968. zbivanja na ulicama su naterala de Gaullea da pobegne u Baden-Baden. Samo nekoliko meseci kasnije odneo je jednu od svojih najubedljivijih izbornih pobeda: zbog nasilnog karaktera protesta demonstranti su propustili veliku politi\u010dku \u0161ansu i okrenuli javnost protiv sebe.<\/p>\n<p><a href=\"https:\/\/pescanik.net\/prvi-utisci-o-protestima-u-francuskoj\/\">Pe\u0161\u010danik<\/a>\/<a href=\"https:\/\/glineq.blogspot.com\/2018\/12\/first-reflections-on-french-evenements.html\">Global inequality<\/a><\/p>\n","protected":false},"excerpt":{"rendered":"<p>Posle pretrpljenih udaraca globalizacije, pripadnici zapadne srednje klase nisu skloni pla\u0107anju poreza na klimatske promene<\/p>\n","protected":false},"author":1,"featured_media":0,"comment_status":"open","ping_status":"closed","sticky":false,"template":"","format":"standard","meta":{"_seopress_robots_primary_cat":"","_seopress_titles_title":"","_seopress_titles_desc":"","_seopress_robots_index":"","_et_pb_use_builder":"","_et_pb_old_content":"","_et_gb_content_width":"","inline_featured_image":false,"footnotes":""},"categories":[5],"tags":[],"class_list":["post-258466","post","type-post","status-publish","format-standard","hentry","category-drugi-pisu"],"_links":{"self":[{"href":"https:\/\/www.pcnen.com\/portal\/wp-json\/wp\/v2\/posts\/258466","targetHints":{"allow":["GET"]}}],"collection":[{"href":"https:\/\/www.pcnen.com\/portal\/wp-json\/wp\/v2\/posts"}],"about":[{"href":"https:\/\/www.pcnen.com\/portal\/wp-json\/wp\/v2\/types\/post"}],"author":[{"embeddable":true,"href":"https:\/\/www.pcnen.com\/portal\/wp-json\/wp\/v2\/users\/1"}],"replies":[{"embeddable":true,"href":"https:\/\/www.pcnen.com\/portal\/wp-json\/wp\/v2\/comments?post=258466"}],"version-history":[{"count":0,"href":"https:\/\/www.pcnen.com\/portal\/wp-json\/wp\/v2\/posts\/258466\/revisions"}],"wp:attachment":[{"href":"https:\/\/www.pcnen.com\/portal\/wp-json\/wp\/v2\/media?parent=258466"}],"wp:term":[{"taxonomy":"category","embeddable":true,"href":"https:\/\/www.pcnen.com\/portal\/wp-json\/wp\/v2\/categories?post=258466"},{"taxonomy":"post_tag","embeddable":true,"href":"https:\/\/www.pcnen.com\/portal\/wp-json\/wp\/v2\/tags?post=258466"}],"curies":[{"name":"wp","href":"https:\/\/api.w.org\/{rel}","templated":true}]}}