{"id":258179,"date":"2018-12-15T21:28:14","date_gmt":"2018-12-15T20:28:14","guid":{"rendered":"http:\/\/www.pcnen.com\/portal\/?p=258179"},"modified":"2018-12-15T21:28:14","modified_gmt":"2018-12-15T20:28:14","slug":"formirana-autokefalna-ukrajinska-pravoslavna-crkva","status":"publish","type":"post","link":"https:\/\/www.pcnen.com\/portal\/2018\/12\/15\/formirana-autokefalna-ukrajinska-pravoslavna-crkva\/","title":{"rendered":"Formirana autokefalna Ukrajinska pravoslavna crkva"},"content":{"rendered":"<p><img loading=\"lazy\" decoding=\"async\" class=\"alignright size-medium wp-image-210310\" src=\"http:\/\/www.pcnen.com\/portal\/wp-content\/uploads\/2016\/07\/Kijev-300x210.jpg\" alt=\"\" width=\"300\" height=\"210\" \/>Pravoslavni velikodostojnici Ukrajine su objavili da su danas u Kijevu odobrili formiranje jedinstvene crkve u toj zemlji, nezavisne od Moskovske patrijar\u0161ije, i izabrali njenog lidera.<\/p>\n<p>Lider nove autokefalne Ukrajinske pravoslavne crkve bi\u0107e mitropolit Epifanije, 39-godi\u0161nji biskup Kijevske patrijar\u0161ije, prenosi Beta.<\/p>\n<p>Ukrajinska crkva je vjekovima bila dio Ruske pravoslavne crkve.<\/p>\n<p>Sinod Carigradske patrijar\u0161ije u oktobru je odlu\u010dio da pokrene proces dodjeljivanja autokefalnosti Ukrajinskoj pravoslavnoj crkvi, uprkos o\u0161trom protivljenju Moskve.<\/p>\n<p>Dana\u0161njem sastanku prisustvovao je i predsjednik Ukrajine Petro Poro\u0161enko, kao posmatra\u010d bez prava glasa.<\/p>\n","protected":false},"excerpt":{"rendered":"<p>Lider nove autokefalne Ukrajinske pravoslavne crkve bi\u0107e mitropolit Epifanije, 39-godi\u0161nji biskup Kijevske patrijar\u0161ije<\/p>\n","protected":false},"author":1,"featured_media":0,"comment_status":"open","ping_status":"closed","sticky":false,"template":"","format":"standard","meta":{"_seopress_robots_primary_cat":"","_seopress_titles_title":"","_seopress_titles_desc":"","_seopress_robots_index":"","_et_pb_use_builder":"","_et_pb_old_content":"","_et_gb_content_width":"","inline_featured_image":false,"footnotes":""},"categories":[14,12],"tags":[],"class_list":["post-258179","post","type-post","status-publish","format-standard","hentry","category-vijesti","category-prica-dana"],"_links":{"self":[{"href":"https:\/\/www.pcnen.com\/portal\/wp-json\/wp\/v2\/posts\/258179","targetHints":{"allow":["GET"]}}],"collection":[{"href":"https:\/\/www.pcnen.com\/portal\/wp-json\/wp\/v2\/posts"}],"about":[{"href":"https:\/\/www.pcnen.com\/portal\/wp-json\/wp\/v2\/types\/post"}],"author":[{"embeddable":true,"href":"https:\/\/www.pcnen.com\/portal\/wp-json\/wp\/v2\/users\/1"}],"replies":[{"embeddable":true,"href":"https:\/\/www.pcnen.com\/portal\/wp-json\/wp\/v2\/comments?post=258179"}],"version-history":[{"count":0,"href":"https:\/\/www.pcnen.com\/portal\/wp-json\/wp\/v2\/posts\/258179\/revisions"}],"wp:attachment":[{"href":"https:\/\/www.pcnen.com\/portal\/wp-json\/wp\/v2\/media?parent=258179"}],"wp:term":[{"taxonomy":"category","embeddable":true,"href":"https:\/\/www.pcnen.com\/portal\/wp-json\/wp\/v2\/categories?post=258179"},{"taxonomy":"post_tag","embeddable":true,"href":"https:\/\/www.pcnen.com\/portal\/wp-json\/wp\/v2\/tags?post=258179"}],"curies":[{"name":"wp","href":"https:\/\/api.w.org\/{rel}","templated":true}]}}