{"id":258147,"date":"2018-12-15T07:56:17","date_gmt":"2018-12-15T06:56:17","guid":{"rendered":"http:\/\/www.pcnen.com\/portal\/?p=258147"},"modified":"2019-10-09T23:07:28","modified_gmt":"2019-10-09T21:07:28","slug":"o-jednom-protestu","status":"publish","type":"post","link":"https:\/\/www.pcnen.com\/portal\/2018\/12\/15\/o-jednom-protestu\/","title":{"rendered":"O jednom protestu"},"content":{"rendered":"<p>Prije ta\u010dno godinu dana bio sam inicijator i jedan od organizatora protesta ispred ameri\u010dke ambasade u Podgorici. Protest sam organizovao zbog namjere Trampove administracije da svoju ambasadu iz Tel Aviva premjesti u Jerusalim, \u010dime su SAD prakti\u010dno i jednostrano priznale okupaciju Palestine, kr\u0161e\u0107i rezolucije Ujedinjenih nacija. O palestinskom pitanju ovdje ne\u0107u jer je slo\u017eeno. Me\u0111utim svima su poznate bar dvije osnovne stvari i \u010dinjenice: da je Gaza decenijama najve\u0107i geto na svijetu, i da se Palestincima brutalno kr\u0161e najosnovnija ljudska prava.<\/p>\n<p>Malo je stvari koje su me duboko zamislile, na neki na\u010din osvjestile ali i duboko zabrinule i razo\u010darale kao de\u0161avanja oko tog protesta. Rijetko kad sam do\u017eivio takav stres i osjetio toliki strah. A pre\u017eivio sam ih puno: i strahova, i stresova.<\/p>\n<p>Sada, posle jednogodi\u0161nje distance \u017eelim podjeliti sa \u010ditaocima mog bloga ne\u0161to od tih utisaka.<\/p>\n<p>Od 90. godine u\u010destvovao sam na ve\u0107ini antiratnih i antire\u017eimskih protesta, tribina, panela. Potpisnik sam bezbroj javnih peticija, apela i inicijativa. Posebno sam bio glasan po pitanju tra\u017eenja odgovornosti za ratne zlo\u010dine, hu\u0161kanje na rat, podstrekavanje na vjersku i nacionalnu mr\u017enju. Valjda prepoznat po tome, dio \u010delnika najaktvnijih NVO kao i anga\u017eovani intelektualci, skoro uvijek bi me obavje\u0161tavali i pozivali na navedene doga\u0111aje.<\/p>\n<p>Znaju\u0107i da je neprofitabilno protestvovati protiv bilo kakve odluke ameri\u010dke administracije, koliko god njihova odluka bila neprincipijelna i protiv me\u0111unarodnog prava, veoma me interesovala reakcija, prije svega tog dijela NVO sektora i intelektualaca kada sam inicirao navedeni protest. Ona je potpuno izostala. Potajna i prigu\u0161ene nada u makar skrivenu solidarnost mi je ubijena, nastao je o\u010dekivani muk. Muk toliko glasan da mi je parao i du\u0161u i tijelo. Niko, ama ba\u0161 niko osim jedne osobe iz navedenog miljea mi nije uputio bilo kakav vid, makar one potajne podr\u0161ke. I ta jedna bila je indirektna. Osjetio sam neopisivo razo\u010daranje i neku vrstu izdaje. Ne toliko mene li\u010dno \u2013 jer ja sam potpuno nebitan, nego prije svega principa za\u00a0 koje se ti intelektualci i NVO sektor kao javno zala\u017eu.<\/p>\n<p>Na brzinu pripremaju\u0107i, ponavljam, neprijavljeni protest, suorganizatoru koji mi je ponudio pomo\u0107 posle objave na fejsbuku, sugerisao sam i insistirao na tome da on bude: u mirnom mimohodu, bez vrije\u0111anja bilo koga, pa ni ameri\u010dke administracije i predsjednika Trampa, sa dostojanstvenim parolama i isto takvim pona\u0161anjem u\u010desnika. Poznaju\u0107i nas dobro, o\u010dekivao sam da \u0107e na protestu do\u0107i izme\u0111u 10 i 20 osoba. Suorganizator me je ubje\u0111ivao da \u0107e nas biti najmanje 50 \u201ejer mu se preko fesjbuka javio veliki broj ljudi koji su dali podr\u0161ku i najavili u\u010de\u0161\u0107e u protestu\u201c.<\/p>\n<p>\u201eVidje\u0107e\u0161, znam ja nas i na\u0161e fejsbuk buntovnike\u201c \u2013 odgovorio sam mu.<\/p>\n<p>Dan uo\u010di protesta, ameri\u010dka ambasada je izdala saop\u0161tenje za svoje gra\u0111ane u kojem se ka\u017ee: o\u010dekuje\u00a0 se da najavljeni protest bude nasilan, te sugeri\u0161u svojim gra\u0111anima da zaobilaze Podgoricu ili da ne izalaze iz hotela.<\/p>\n<p>Znao sam \u0161to to zna\u010di.<\/p>\n<p>Odmah sam na fejsbuku objavio da svojim \u017eivotom i kakvim-takvim autoritetom garantujem da \u0107e protest biti potpuno miran i dostojanstven, te da ne\u0107e biti ugro\u017eena ni\u010dija imovina, a kamoli tijelo i \u017eivot. Portali FOS media i PCNEN su odmah prenijeli tu reakciju na \u0161to sam im i danas zahvalan.<\/p>\n<p>Zatim sam nazvao svog kuma i kumu i zamolio ih da mi, ako sjutradan, na dan protesta, budem uhap\u0161en, pri\u010duvaju malodobno dijete dok ne iza\u0111em iz zatvora. Posle navedenog saop\u0161tenja ameri\u010dke ambasade bio sam siguran da \u0107u, ako nas bude preko 20 (skup od preko 20 u\u010desnika mora biti prijavljen) biti uhap\u0161en. Potom sam nazvao prijatelja advokata i zamolio ga da mi zbog tada lo\u0161e materijalne situacije bude branilac, bez honorara.<\/p>\n<p>Sjutradan na protestu nas je bilo 12 ili 13. Policajaca koji su potpuno okru\u017eivali ambasadu bilo je preko 50, opremljenih punom \u201eratnom\u201c opremom. Agenata u civilu sam uo\u010dio dvadesetak, od kojih mislim da su neki bili strani. Novinara tako\u0111e vi\u0161e nego nas \u2013 u\u010desnika protesta. Televizijskih kamera i kamermana je bilo 5 ili 6, a koliko je bilo onih kamera i \u201ekamermana\u201c koje se ne vide, mogao sam samo da pretpostavim. Protest je, kao \u0161to sam najavio, pro\u0161ao potpuno mirno, bez ijedne ru\u017ene rije\u010di, parole, incidenta. Trajao je manje od pola sata a zabelje\u017eili su ga skoro svi regionalni i poprili\u010dan broj svjetskih agencija i medija.<\/p>\n<p>O zanimljivostima i kontradiktornostima koje su pratile ovaj prostest mogao bih napisati esej. Mo\u017eda nekad i ho\u0107u. Ali kako je ovo, ipak, samo tekst za blog, napisa\u0107u jo\u0161 samo par apsurda.<\/p>\n<p>Islamska zajednica Crne Gore i njen reis Fejzi\u0107, u d\u017eamijama i kuolarima su \u201eveliki borci\u201c za pravo i pravdu palestinskog naroda. I oni su, o\u010dekivano, ostali potpuno nijemi. Ne samo da nisu dali podr\u0161ku protestu, ve\u0107 se uop\u0161te nisu ogla\u0161avali povodom ameri\u010dke namjere da Jerusalim priznaju za glavni grad Izraela.<\/p>\n<p>Tzv. Bo\u0161nja\u010dka stanka se tako\u0111e \u201eubi\u201c od \u017eala za de\u0161avanjima u Palestini. Jedan njen trenutni poslanik u dr\u017eavnom parlamentu je godinama na rije\u010dima (u dru\u0161tvu, kafani, na sjedeljkama) \u201eginuo\u201c za Palestinu, grade\u0107i svoju karijeru i pokazuju\u0107i svoj islamski patriotizam, pored ostalog, i na tom pitanju. Ni on, ni tzv. BS se nisu oglasili, a kamoli da se neko od njih pojavio na protestu.<\/p>\n<p>Razlika izme\u0111u mene i njih je su\u0161tinska. Oni na palestinsko pitanje gledaju kao na vjersko &#8211; \u201ebratsko muslimansko\u201c, a ja kao na ljudsko i op\u0161tecivilizacijsko. Jer u Palestini ima i hri\u0161\u0107ana, postoji hri\u0161\u0107anska zajednica koja je po patnjama rame uz rame sa patnjama ve\u0107inske, muslimanske, i zajedno se bore za elementarna prava.<img loading=\"lazy\" decoding=\"async\" class=\"alignright size-medium wp-image-258150\" src=\"http:\/\/www.pcnen.com\/portal\/wp-content\/uploads\/2018\/12\/protest-sarkic-jerusalim-300x200.jpg\" alt=\"\" width=\"300\" height=\"200\" srcset=\"https:\/\/www.pcnen.com\/portal\/wp-content\/uploads\/2018\/12\/protest-sarkic-jerusalim-300x200.jpg 300w, https:\/\/www.pcnen.com\/portal\/wp-content\/uploads\/2018\/12\/protest-sarkic-jerusalim-235x156.jpg 235w, https:\/\/www.pcnen.com\/portal\/wp-content\/uploads\/2018\/12\/protest-sarkic-jerusalim-75x50.jpg 75w, https:\/\/www.pcnen.com\/portal\/wp-content\/uploads\/2018\/12\/protest-sarkic-jerusalim.jpg 350w, https:\/\/www.pcnen.com\/portal\/wp-content\/uploads\/2018\/12\/protest-sarkic-jerusalim-220x146.jpg 220w\" sizes=\"(max-width: 300px) 100vw, 300px\" \/><\/p>\n<p>Mitropolija SPC je veoma dobro organizovana, sa puno pametnih ljudi, savjetnika, pravnika koji poznaju me\u0111unarodno pravo, intelektualaca. A mitropolit Amfilohije je bez sumnje inteligentan, za crkvenu politiku mudar \u010dovjek. Moje neslaganje sa ve\u0107inom njegovih stavova i javnih izjava ne mijenja tu \u010dinjenicu. Upla\u0161io sam se da on ne iskoristi situaciju i da javnu podr\u0161ku protestu, upravo zbog hri\u0161\u0107anske zajednice u Palestini koja je u istom polo\u017eaju kao i muslimanska. Kakav bi to bio poraz za Islamsku zajednicu i tzv. Bo\u0161nja\u010dku stranku, a politi\u010dka, ekumenska, moralna i svaka druga pobjeda za SPC i mitropolita Amfilohija!<\/p>\n<blockquote><p>Epilog:<\/p>\n<p>Desetak dana posle protesta odr\u017eana je Generalna skup\u0161tina Ujedinjenih nacija na kojoj je usvojena Rezolucija o Jerusalimu kojom se tra\u017ei povla\u010denje ameri\u010dke odluke o priznanju Jerusalima za glavni grad Izraela.<\/p>\n<p>Podr\u017eala ju je ogromna ve\u0107ina \u010dlanica, njih\u00a0 128.<\/p>\n<p>(Napomena: u momentu kada sam inicirao i organizovao protest nisam znao niti sam mogao znati da \u0107e biti zakazana sjednica Generalne skup\u0161tine UN, niti kakav \u0107e biti ishod glasanja).<\/p>\n<p>Devet dr\u017eava glasalo je protiv, dok je 35 bilo uzdr\u017eano, a 21 nije uop\u0161te glasala.<\/p>\n<p>Osim Sjedinjenih Dr\u017eava i Izraela, protiv Rezolucije bili su: Gvatemala, Honduras, Togo, Mikronezija, Nauru, Palau i Mar\u0161alska ostrva.<\/p>\n<p>Prije glasanja. SAD su vr\u0161ile ogroman i, u javnim, me\u0111unarodnim odnosima do tada nevi\u0111en, neprincipijelan pritisak pun raznovrsnih prijetnji na \u010dlanice UN, da ne glasaju za Rezoluciju. Uo\u010di glasanja ameri\u010dki predsjednik Donald Tramp je prijetio \u010dlanicama UN koje budu glasale za Rezoluciju da \u0107e im ukinuti finansijsku pomo\u0107, a Niki Hejli (ambasaorka SAD pri UN) je poslala pismo u kojem je\u00a0 kao vid prijetnje navela da joj je Tramp tra\u017eio da bilje\u017ei imena zemalja koje glasaju za rezoluciju.<\/p>\n<p>Hejli je, pored ostalog, izjavila: \u201cPamti\u0107emo to kada budemo ponovo pozvani da damo najve\u0107i svjetski doprinos UN-u i pamti\u0107emo kada nas toliko mnogo zemalja proziva, kao \u0161to \u010desto radi, da platimo \u010dak i vi\u0161e, i da uti\u010demo u njihovu korist.\u201d<\/p>\n<p>Epilog pokazuje i dokazuje da je protest bio principijelan i opravdan. Za\u0161to mu niko od anga\u017eovanih intelektualaca, boraca za ljudska prava i NVO sektora nije dao makar i najmanju podr\u0161ku &#8211; pitanje je koje stalno sebi postavljam. A odgovor koji se name\u0107e i \u010dini logi\u010dnim pora\u017eavaju\u0107i je za sve nas.<\/p><\/blockquote>\n","protected":false},"excerpt":{"rendered":"<p>Pi\u0161e: Omer \u0160ARKI\u0106<\/p>\n","protected":false},"author":12,"featured_media":258148,"comment_status":"open","ping_status":"closed","sticky":false,"template":"","format":"standard","meta":{"_seopress_robots_primary_cat":"","_seopress_titles_title":"","_seopress_titles_desc":"","_seopress_robots_index":"","_et_pb_use_builder":"","_et_pb_old_content":"","_et_gb_content_width":"","inline_featured_image":false,"footnotes":""},"categories":[17],"tags":[],"class_list":["post-258147","post","type-post","status-publish","format-standard","has-post-thumbnail","hentry","category-blogovi"],"_links":{"self":[{"href":"https:\/\/www.pcnen.com\/portal\/wp-json\/wp\/v2\/posts\/258147","targetHints":{"allow":["GET"]}}],"collection":[{"href":"https:\/\/www.pcnen.com\/portal\/wp-json\/wp\/v2\/posts"}],"about":[{"href":"https:\/\/www.pcnen.com\/portal\/wp-json\/wp\/v2\/types\/post"}],"author":[{"embeddable":true,"href":"https:\/\/www.pcnen.com\/portal\/wp-json\/wp\/v2\/users\/12"}],"replies":[{"embeddable":true,"href":"https:\/\/www.pcnen.com\/portal\/wp-json\/wp\/v2\/comments?post=258147"}],"version-history":[{"count":0,"href":"https:\/\/www.pcnen.com\/portal\/wp-json\/wp\/v2\/posts\/258147\/revisions"}],"wp:featuredmedia":[{"embeddable":true,"href":"https:\/\/www.pcnen.com\/portal\/wp-json\/wp\/v2\/media\/258148"}],"wp:attachment":[{"href":"https:\/\/www.pcnen.com\/portal\/wp-json\/wp\/v2\/media?parent=258147"}],"wp:term":[{"taxonomy":"category","embeddable":true,"href":"https:\/\/www.pcnen.com\/portal\/wp-json\/wp\/v2\/categories?post=258147"},{"taxonomy":"post_tag","embeddable":true,"href":"https:\/\/www.pcnen.com\/portal\/wp-json\/wp\/v2\/tags?post=258147"}],"curies":[{"name":"wp","href":"https:\/\/api.w.org\/{rel}","templated":true}]}}