{"id":257921,"date":"2018-12-10T11:40:18","date_gmt":"2018-12-10T10:40:18","guid":{"rendered":"http:\/\/www.pcnen.com\/portal\/?p=257921"},"modified":"2018-12-10T12:02:28","modified_gmt":"2018-12-10T11:02:28","slug":"darko-saric-osuden-na-15-godina-zatvora","status":"publish","type":"post","link":"https:\/\/www.pcnen.com\/portal\/2018\/12\/10\/darko-saric-osuden-na-15-godina-zatvora\/","title":{"rendered":"Darko \u0160ari\u0107 osu\u0111en na 15 godina zatvora"},"content":{"rendered":"<p><img loading=\"lazy\" decoding=\"async\" src=\"http:\/\/www.pcnen.com\/portal\/wp-content\/uploads\/2014\/03\/Darko-Saric-u-sudnici-300x124.jpg\" alt=\"\" width=\"300\" height=\"124\" class=\"alignright size-medium wp-image-141348\" \/>Sudsko vije\u0107e Specijalnog suda u Beogradu je osudilo danas u ponovljenom prvostepenom postupku <a href=\"http:\/\/www.pcnen.com\/portal\/2014\/03\/18\/uhapsen-darko-saric\/\">Darka \u0160ari\u0107a za \u0161verc kokaina<\/a> na 15 godina zatvora, smanjiv\u0161i mu tako kaznu za pet godina.<\/p>\n<p>Kazne su smanjene i Goranu Sokovi\u0107u sa 20 na 15 godina i \u017delju Vujanovi\u0107u sa 18 na 14 godina.<\/p>\n<p>Apelacioni sud je ukidaju\u0107i prvostepenu presudu ocijenio da je sudsko vije\u0107e primijenilo pogre\u0161ni krivi\u010dni zakonik i izreklo stro\u017eije kazne nego \u0161to je to moglo, umjesto bla\u017eeg zakona gdje je maksimalna kazna 15 godina zatvora, prenosi Beta.<\/p>\n","protected":false},"excerpt":{"rendered":"<p>Sudsko vije\u0107e Specijalnog suda u Beogradu je osudilo danas u ponovljenom prvostepenom postupku Darka \u0160ari\u0107a za \u0161verc kokaina na 15 godina zatvora, smanjiv\u0161i mu tako kaznu za pet godina. Kazne su smanjene i Goranu Sokovi\u0107u sa 20 na 15 godina i \u017delju Vujanovi\u0107u sa 18 na 14 godina. Apelacioni sud je ukidaju\u0107i prvostepenu presudu ocijenio [&hellip;]<\/p>\n","protected":false},"author":1,"featured_media":0,"comment_status":"open","ping_status":"closed","sticky":false,"template":"","format":"standard","meta":{"_seopress_robots_primary_cat":"","_seopress_titles_title":"","_seopress_titles_desc":"","_seopress_robots_index":"","_et_pb_use_builder":"","_et_pb_old_content":"","_et_gb_content_width":"","inline_featured_image":false,"footnotes":""},"categories":[14,12],"tags":[],"class_list":["post-257921","post","type-post","status-publish","format-standard","hentry","category-vijesti","category-prica-dana"],"_links":{"self":[{"href":"https:\/\/www.pcnen.com\/portal\/wp-json\/wp\/v2\/posts\/257921","targetHints":{"allow":["GET"]}}],"collection":[{"href":"https:\/\/www.pcnen.com\/portal\/wp-json\/wp\/v2\/posts"}],"about":[{"href":"https:\/\/www.pcnen.com\/portal\/wp-json\/wp\/v2\/types\/post"}],"author":[{"embeddable":true,"href":"https:\/\/www.pcnen.com\/portal\/wp-json\/wp\/v2\/users\/1"}],"replies":[{"embeddable":true,"href":"https:\/\/www.pcnen.com\/portal\/wp-json\/wp\/v2\/comments?post=257921"}],"version-history":[{"count":0,"href":"https:\/\/www.pcnen.com\/portal\/wp-json\/wp\/v2\/posts\/257921\/revisions"}],"wp:attachment":[{"href":"https:\/\/www.pcnen.com\/portal\/wp-json\/wp\/v2\/media?parent=257921"}],"wp:term":[{"taxonomy":"category","embeddable":true,"href":"https:\/\/www.pcnen.com\/portal\/wp-json\/wp\/v2\/categories?post=257921"},{"taxonomy":"post_tag","embeddable":true,"href":"https:\/\/www.pcnen.com\/portal\/wp-json\/wp\/v2\/tags?post=257921"}],"curies":[{"name":"wp","href":"https:\/\/api.w.org\/{rel}","templated":true}]}}