{"id":257692,"date":"2018-12-06T06:00:44","date_gmt":"2018-12-06T05:00:44","guid":{"rendered":"http:\/\/www.pcnen.com\/portal\/?p=257692"},"modified":"2018-12-05T21:44:59","modified_gmt":"2018-12-05T20:44:59","slug":"prosvjedi-u-francuskoj","status":"publish","type":"post","link":"https:\/\/www.pcnen.com\/portal\/2018\/12\/06\/prosvjedi-u-francuskoj\/","title":{"rendered":"Prosvjedi u Francuskoj"},"content":{"rendered":"<p><strong><img loading=\"lazy\" decoding=\"async\" class=\"alignright size-medium wp-image-257693\" src=\"http:\/\/www.pcnen.com\/portal\/wp-content\/uploads\/2018\/12\/Francuska-protest-300x214.jpg\" alt=\"\" width=\"300\" height=\"214\" \/>Pi\u0161e: Anton Divi\u0107<\/strong><\/p>\n<p>Nemam neku naviku tipkanja javnih Fejsbuk \u010ditaba, ali smatram da doga\u0111aji u Marseilleu i Francuskoj zadnjih par tjedana zaslu\u017euju malo vi\u0161e pozornosti nego \u0161to im pru\u017eaju hrvatski mediji. Probat \u0107u ih zapakirati u vidu nekakvog osvrta, vi\u0161e pregleda doga\u0111anja nego neke dublje analize, krenuv\u0161i s lokalne marsejske razine prema doga\u0111ajima na nacionalnom nivou.<\/p>\n<p>Petog novembra u 9 sati, neka dva tjedna prije po\u010detka pobune \u017eutih prsluka protiv Macronove neoliberalne politike, u centru Marseillea je do\u0161lo do spontanog uru\u0161avanja tri stambene \u010detverokatnice. Dvije zgrade su se sru\u0161ile u roku od nekoliko sekundi, tre\u0107a je sru\u0161ena par sati kasnije jer je predstavljala opasnost. Osam ljudi poginulo je u svojim krevetima, u agoniji kakvu te\u0161ko mo\u017eemo zamisliti. Jedna od zgrada bila je u gradskom vlasni\u0161tvu. Reakcija gradskih vlasti, onih koje su svojom nebrigom dopustile da do\u0111e do ovog u\u017easa, bila je mlaka ili nikakva. Ulica u kojoj se ova drama odvila, Rue d\u2019Aubagne, nastanjena je ve\u0107inom imigrantima i stanovnicima afri\u010dkog podrijetla. Jako \u017eiva i \u017eivotopisna ulica, kojom sam u zadnjih par godina pro\u0161ao bezbroj puta, dio je jednog od mnogih marsejskih radni\u010dkih kvartova (\u201equartier populaire\u201c) u centru grada koji gradskim vlastima predstavljaju ogroman trn u oku. Jer, jebiga, svako mjesto u kojem ljudi nesmetano \u017eive svoj \u017eivot predstavlja neiskori\u0161tenu investiciju i propalu priliku za gradnju hotela i Zara trgovina. Jedna od zgrada, \u0161to je javnost saznala nedugo nakon uru\u0161avanja, bila je od strane nadle\u017enih slu\u017ebenika jo\u0161 2005. (!!) godine gradskim vlastima ozna\u010dena kao neposredna opasnost.<\/p>\n<p>Uslijedio je niz prosvjednih akcija gra\u0111ana kojima se tra\u017eilo, izme\u0111u ostalog, odstupanje gradskih vlasti i korumpiranog gradona\u010delnika Gaudina (Sarkozyjevi republikanci, na vlasti od 1995.). Prilikom prvog \u201emar\u0161a bijesa\u201c 10-ak tisu\u0107a gra\u0111ana, do\u0161lo je do uru\u0161avanja jednog balkona na ruti mar\u0161a \u0161to je ozlijedilo nekoliko osoba. Smije\u0161no da nije tu\u017eno. Drugi prosvjed rezultirao je pendre\u010denjem mirnih prosvjednika od strane interventnih pandura CRS-a[1], velikim brojem razbijenih glava (izme\u0111u njih i poznanici od 50-ak godina), i i\u017eivljavanjem civilaca BAC-a nad manjim izoliranim grupama.<\/p>\n<p>Na zadnjem u nizu prosvjeda, organiziranom pro\u0161le subote za pravo na dostojanstven smje\u0161taj ali i kontra pro\u0161lotjednog policijskog nasilja, sudjelovalo je 15-ak tisu\u0107a ljudi. Na pokoji projektil CRS-kornja\u010de odgovorile su juri\u0161anjem na povorku i ispucavanjem rijeka suzavaca, \u0161to je bilo do\u010dekano otporom i gradnjom barikada na glavnim gradskim ulicama. Kulminiralo je paljenjem bo\u017ei\u0107nog sajma, policijskog auta, plja\u010dkanjem trgovina, i smr\u0107u jedne 80-godi\u0161njakinje koja je u svom stanu preminula od posljedica suzavca. Dvadesetak prosvjednika, u medijima prozvani \u201erazbija\u010dima\u201c (\u201ecasseurs\u201c, termin koji francuski mediji jako vole koristiti), uhap\u0161eni su, od kojih je ve\u0107ina u vrlo kratkom postupku osu\u0111ena na zatvorske kazne do dvije godine.<\/p>\n<p>U subotnji kaos bili su uklju\u010deni i malobrojni sindikalisti, kao i \u201egilets jaunes\u201c. E sada, koja je pri\u010da sa \u017eutim prslucima? Direktan povod pobune, koja je krenula prije neka dva tjedna blokiranjem prometnica u cijeloj Francuskoj, bila je najava drasti\u010dnog pove\u0107anja cijena goriva, odnosno uvo\u0111enja \u201eporeza na benzin\u201c koji bi dugoro\u010dno, preko le\u0111a radni\u010dke klase, trebao financirati prijelaz na ekolo\u0161ke izvore energije.<\/p>\n<p>Uzroci su, me\u0111utim, mnogo dublji i proizlaze iz neliberalne politike \u201epredsjednika bogatih\u201c Macrona, koji od po\u010detka svog mandata ne prestaje udarati na standard najsiroma\u0161nijih slojeva francuskog dru\u0161tva u korist onih najbogatijih. Ono \u0161to puno ljudi smatra \u201epravim nasiljem\u201c, puno ve\u0107im od nekoliko zapaljenih auta u bogata\u0161kim kvartovima, politika je koja je dovela do toga da devet milijuna ljudi \u017eivi ispod praga siroma\u0161tva, 200 000 bez krova nad glavom, dok se korporacijama opra\u0161taju dugovi i porezi u visini od 80 milijardi eura a razlika izme\u0111u bogatih i siroma\u0161nih drasti\u010dno raste. Zvu\u010di poznato?<\/p>\n<p>Prosvjednici su raznovrsni, uniformirani u \u017eute prsluke koji su obavezna stavka u svakom autu. Izme\u0111u desni\u010dara i anarhista u prvim se redovima zatekla i masa revoltiranih crnaca, bijelaca i Arapa, bez ikakvih politi\u010dkih pozadina ili iskustva u prosvjedima, koji se na minimalcu trude pre\u017eivjeti do kraja mjeseca dok im se davno izborena socijalna prava smanjuju ili ukidaju.<\/p>\n<p>Subotnji nemiri u Marseilleu bili su naj\u017ee\u0161\u0107i u zadnjih nekoliko desetlje\u0107a, ali su neusporedivi sa scenama ludila iz Pariza. Na vi\u0161e lokacija stotine revoltiranih \u017eutih prsluka, neza\u0161ti\u0107eni i neopremljeni, samo s kamenjem u rukama odbili su napade zloglasnih CRS-ovca ignoriraju\u0107i pritom oblake suzavca i potencijalne zatvorske kazne. Natjerani na povla\u010denje od strane organiziranih i ljutih masa, panduri su bijes usmjerili na nesretne pojedince uhva\u0107ene u sporednim ulicama, gdje su osmorica ovih mu\u0161kar\u010dina snimljena kako bjesomu\u010dno premla\u0107uju 20-godi\u0161njeg klinca (video). Sli\u010dne scene policijskog nasilja ponavljale su se proteklih tjedana kroz cijelu zemlju i sigurno su jedan od motivatora nevi\u0111enog bijesa prosvjednika, dok Macron potpaljuje situaciju uporno brane\u0107i svoje okupacijske snage i nude\u0107i bonuse policajcima koji su sudjelovali u neredima.<\/p>\n<p>Dok ovo tipkam, stotine marsejskih srednjo\u0161kolaca okupira svoje ustanove i barikadira prilazne ulice zapaljenim kontejnerima tra\u017ee\u0107i reforme obrazovnog sustava, a vlada se napokon ogla\u0161ava najavljuju\u0107i odgodu \u201eporeza na benzin\u201c. Vidjet \u0107emo ho\u0107e li ovo biti dovoljno da smiri revolt koji je uzeo dosta jaki zamah i \u010diji bijes se\u017ee mnogo dalje od onih koji se serviraju preko medija. Predvi\u0111am zanimljiv tjedan u kojem \u0107e ne\u0161to morati puknuti, na jednu ili drugu stranu.<\/p>\n<p><a href=\"http:\/\/www.maz.hr\/2018\/12\/04\/prosvjedi-u-francuskoj-kratak-osvrt\/\">#maz<\/a><\/p>\n","protected":false},"excerpt":{"rendered":"<p>Ono \u0161to puno ljudi smatra \u201epravim nasiljem\u201c, puno ve\u0107im od nekoliko zapaljenih auta u bogata\u0161kim kvartovima, politika je koja je dovela do toga da devet milijuna ljudi \u017eivi ispod praga siroma\u0161tva, 200 000 bez krova nad glavom<\/p>\n","protected":false},"author":1,"featured_media":0,"comment_status":"open","ping_status":"closed","sticky":false,"template":"","format":"standard","meta":{"_seopress_robots_primary_cat":"","_seopress_titles_title":"","_seopress_titles_desc":"","_seopress_robots_index":"","_et_pb_use_builder":"","_et_pb_old_content":"","_et_gb_content_width":"","inline_featured_image":false,"footnotes":""},"categories":[5],"tags":[],"class_list":["post-257692","post","type-post","status-publish","format-standard","hentry","category-drugi-pisu"],"_links":{"self":[{"href":"https:\/\/www.pcnen.com\/portal\/wp-json\/wp\/v2\/posts\/257692","targetHints":{"allow":["GET"]}}],"collection":[{"href":"https:\/\/www.pcnen.com\/portal\/wp-json\/wp\/v2\/posts"}],"about":[{"href":"https:\/\/www.pcnen.com\/portal\/wp-json\/wp\/v2\/types\/post"}],"author":[{"embeddable":true,"href":"https:\/\/www.pcnen.com\/portal\/wp-json\/wp\/v2\/users\/1"}],"replies":[{"embeddable":true,"href":"https:\/\/www.pcnen.com\/portal\/wp-json\/wp\/v2\/comments?post=257692"}],"version-history":[{"count":0,"href":"https:\/\/www.pcnen.com\/portal\/wp-json\/wp\/v2\/posts\/257692\/revisions"}],"wp:attachment":[{"href":"https:\/\/www.pcnen.com\/portal\/wp-json\/wp\/v2\/media?parent=257692"}],"wp:term":[{"taxonomy":"category","embeddable":true,"href":"https:\/\/www.pcnen.com\/portal\/wp-json\/wp\/v2\/categories?post=257692"},{"taxonomy":"post_tag","embeddable":true,"href":"https:\/\/www.pcnen.com\/portal\/wp-json\/wp\/v2\/tags?post=257692"}],"curies":[{"name":"wp","href":"https:\/\/api.w.org\/{rel}","templated":true}]}}