{"id":257595,"date":"2018-12-04T11:20:50","date_gmt":"2018-12-04T10:20:50","guid":{"rendered":"http:\/\/www.pcnen.com\/portal\/?p=257595"},"modified":"2018-12-04T11:20:50","modified_gmt":"2018-12-04T10:20:50","slug":"pariz-pobjeda-zutih-prsluka","status":"publish","type":"post","link":"https:\/\/www.pcnen.com\/portal\/2018\/12\/04\/pariz-pobjeda-zutih-prsluka\/","title":{"rendered":"Pariz: Pobjeda &#8216;\u017eutih prsluka&#8217;"},"content":{"rendered":"<p><img loading=\"lazy\" decoding=\"async\" src=\"http:\/\/www.pcnen.com\/portal\/wp-content\/uploads\/2016\/08\/protest.png\" alt=\"\" width=\"242\" height=\"209\" class=\"alignright size-full wp-image-212023\" \/>Francuski premijer Eduar Filip objavi\u0107e danas moratorijum na povec\u0301anje poreza na gorivo predvidjeno za 1. januar, kako bi se sti\u0161ale tenzije zbog nezadovoljstva pokreta &#8220;\u017eutih prsluka&#8221;, saznaje jutros Frans pres iz vladinih izvora.<\/p>\n<p>Moratorijum, ili vladinom terminologijom &#8220;suspenzija&#8221;, trebalo bi da bude na snazi nekoliko mjeseci i trebalo bi da ga prate i druge mjere u cilju smirivanja situacije, prenosi Beta.<\/p>\n<p>\u0160ef vlade bi trebalo da saop\u0161ti odluku sa sino\u0107enjeg sastanka u Jelisejskoj palati sa predsjednikom Francuske Emanuelom Makronom pred poslanicima stranke Francuska u pokretu u Parlamentu, rekli su neimenovani vladini izvori.<\/p>\n<p>Masovni protesti pokreta &#8220;\u017euti prsluci&#8221;, koji se bore protiv pove\u0107anja cijena benzina, po\u010deli su u Francuskoj 17. novembra.<\/p>\n<p> Tokom nereda koji su zahvatili francusku prestonicu, pritvoreno je 412 osoba, povrije\u0111eno je 133, uklju\u010duju\u0107i 23 pripadnika policije.<\/p>\n","protected":false},"excerpt":{"rendered":"<p>Francuski premijer Eduar Filip objavi\u0107e danas moratorijum na povec\u0301anje poreza na gorivo predvidjeno za 1. januar, kako bi se sti\u0161ale tenzije zbog nezadovoljstva pokreta &#8220;\u017eutih prsluka&#8221;, saznaje jutros Frans pres iz vladinih izvora. Moratorijum, ili vladinom terminologijom &#8220;suspenzija&#8221;, trebalo bi da bude na snazi nekoliko mjeseci i trebalo bi da ga prate i druge mjere [&hellip;]<\/p>\n","protected":false},"author":1,"featured_media":0,"comment_status":"open","ping_status":"closed","sticky":false,"template":"","format":"standard","meta":{"_seopress_robots_primary_cat":"","_seopress_titles_title":"","_seopress_titles_desc":"","_seopress_robots_index":"","_et_pb_use_builder":"","_et_pb_old_content":"","_et_gb_content_width":"","inline_featured_image":false,"footnotes":""},"categories":[14],"tags":[],"class_list":["post-257595","post","type-post","status-publish","format-standard","hentry","category-vijesti"],"_links":{"self":[{"href":"https:\/\/www.pcnen.com\/portal\/wp-json\/wp\/v2\/posts\/257595","targetHints":{"allow":["GET"]}}],"collection":[{"href":"https:\/\/www.pcnen.com\/portal\/wp-json\/wp\/v2\/posts"}],"about":[{"href":"https:\/\/www.pcnen.com\/portal\/wp-json\/wp\/v2\/types\/post"}],"author":[{"embeddable":true,"href":"https:\/\/www.pcnen.com\/portal\/wp-json\/wp\/v2\/users\/1"}],"replies":[{"embeddable":true,"href":"https:\/\/www.pcnen.com\/portal\/wp-json\/wp\/v2\/comments?post=257595"}],"version-history":[{"count":0,"href":"https:\/\/www.pcnen.com\/portal\/wp-json\/wp\/v2\/posts\/257595\/revisions"}],"wp:attachment":[{"href":"https:\/\/www.pcnen.com\/portal\/wp-json\/wp\/v2\/media?parent=257595"}],"wp:term":[{"taxonomy":"category","embeddable":true,"href":"https:\/\/www.pcnen.com\/portal\/wp-json\/wp\/v2\/categories?post=257595"},{"taxonomy":"post_tag","embeddable":true,"href":"https:\/\/www.pcnen.com\/portal\/wp-json\/wp\/v2\/tags?post=257595"}],"curies":[{"name":"wp","href":"https:\/\/api.w.org\/{rel}","templated":true}]}}