{"id":257575,"date":"2018-12-04T10:43:13","date_gmt":"2018-12-04T09:43:13","guid":{"rendered":"http:\/\/www.pcnen.com\/portal\/?p=257575"},"modified":"2019-10-09T23:10:24","modified_gmt":"2019-10-09T21:10:24","slug":"apelu-licno-ime","status":"publish","type":"post","link":"https:\/\/www.pcnen.com\/portal\/2018\/12\/04\/apelu-licno-ime\/","title":{"rendered":"Apel (u li\u010dno ime)"},"content":{"rendered":"<ul>\n<li>Da politi\u010dke partije prestanu da se bave i podgrijavaju identitetske i istorijske podjele i da se fokusiraju na realne probleme gra\u0111ana: ekonomiju, stvaranje pravne dr\u017eave, za\u0161titu preostalih prirodnih i dru\u0161tvenih resursa, problemu migracije i sve ve\u0107e emigracije &#8211; posebno svr\u0161enih studenata i dokazanih stru\u010dnjaka u svojim oblastima.<\/li>\n<li>Da policija, tu\u017eila\u0161tvo i sudstvo doista postanu slobodni, oslobode se partijskog uticaja, te da najzad i odmah krenu sa istragama i procesuiranjima slu\u010dajeva korupcija na visokom nivou, nerasvijetljenih ubistava, ratnih zlo\u010dina. Tra\u017eim da se pod hitno i najzad krene sa rje\u0161avanjem slu\u010daja TELEKOM, rasvetljavanja ubistva Du\u0161ka Jovanovi\u0107a, ranjavanje Olivere Laki\u0107, deportacije BiH izbjeglica kao najve\u0107eg ratnog zlo\u010dina u novijoj istoriji Crne Gore.<\/li>\n<li>Tra\u017eim Ustavom zagarantovano pravo na slobodu informisanja, te da Javni servis kog ja pla\u0107am bude oslobo\u0111en politi\u010dkog uticaja i bude istinski servis gra\u0111ana a ne partija. Istovremeno tra\u017eim od AEM-a da izna\u0111e na\u010din da se sa programa komercijalnih televizija uklone programski sadr\u017eaji koji pogubno uti\u010du na svijest i kulturu gra\u0111ana, tipa realiti-\u0161oua i sli\u010dno.<\/li>\n<li>Apelujem na me\u0111unarodne faktore, posebno EU, da istrajava na preporukama i obavezama koje je dala nosiocima vlasti u Crnoj Gori, te da one ne ostaju prazno, birokratsko slovo na papiru, zbog \u010dega gra\u0111ani sve vi\u0161e gube povjerenje u samu EU i njene institucije. Slobodan sam ih podsjetiti da ni do dan danas nije rije\u0161eno pitanje procesuiranja ratnih zlo\u010dina, ubistva Du\u0161ka Jovanovi\u0107a, pravno-politi\u010dko sankcionisanje u\u010desnika afere \u201eSnimak\u201c, ranjavanje Olivere Laki\u0107, smjene u Savjetu RTCG po politi\u010dkoj direktivi \u2013 \u0161to su bili zadaci i obaveze na koje je EU svojevremeno insistirala.<\/li>\n<li>Apelujem na akedemsku zajednicu i studente da se trgnu iz letargije i aktivno uklju\u010de u stvaranju boljeg, pravednijeg i prosperitetnijeg dru\u0161tva, a ne da ja, sa par razreda \u0161kole pi\u0161em ovakve apele umjesto da to rade oni.<\/li>\n<li>Svjedok sam da, od samo formalnog uvo\u0111enja vi\u0161estrana\u010dja u Crnoj Gori nijedni izbori i oba referenduma nisu bili slobodni, fer, i u demokratskoj atmosferi, te tra\u017eim da se najzad stvore pravni, politi\u010dki i ostali uslovi za prve fer i po\u0161tene izbore. Ako do toga ne do\u0111e, u\u010destvovanje na \u201eizborima\u201c koji bi bili kao svi dosada\u0161nji su davanje legitimiteta obi\u010dnoj farsi. Crnogorski politi\u010dki sistem je vi\u0161estrana\u010dki samo u teoriji, praksa pokazaju da nije. Jer da jeste, i matematika i logika ka\u017eu da bi za trideset godina od kada je kao uveden moralo bar jednom do\u0107i do promjene vlasti.<\/li>\n<li>Tra\u017eim da se zbog la\u017enog svjedo\u010denja u slu\u010daju \u201eRamada\u201c razrije\u0161i ili smjeni predsjednik Skup\u0161tine Ivan Brajovi\u0107 jer ga navedeno \u010dini nedostojnim za obavljanje funkcije predsjednika Skup\u0161tine i uru\u0161ava njen ionako krnji legitimitet i ugled. Tako\u0111e apelujem da se iz diplomatije povu\u010du kadrovi koji su nedostojni funkcija predstavljanja zemlje u inostranstvu a za koje se osnovano sumnja da su u\u010destvovali u korupciona\u0161kim aferama ili plagirali nau\u010dne radove, jer se takvim postavljenjima ru\u0161i kredibilitet same dr\u017eave.<\/li>\n<li>Zahtjevam da dr\u017eava i dr\u017eavni organi na\u0111u na\u010dina da se osu\u0111eni \u0161ef kriminalne grupe Svetozar Marovi\u0107 isporu\u010di Crnoj Gori \u2013 jer ona to mo\u017ee. Ovako, kako ja tako ve\u0107ina gra\u0111ana misli da je u pitanju skrivena dr\u017eavna abolicija svog, koliko do ju\u010de najve\u0107eg dr\u017eavnog i partijskog funkcionera. Njegovim ne privo\u0111enjem pravdi dr\u017eava \u0161alje pogubnu poruku gra\u0111anima da je kriminalno udru\u017eivanje i plja\u010dka na visokom nivou isplativa i neka\u017enjiva.<\/li>\n<li>Tra\u017eim da se obustave projekti izgradnje minihidrocentrala jer kao i ve\u0107ina gra\u0111ana mislim da one devastiraju rijeke, prirodu i prostor, finansiraju\u0107i se na teret gra\u0111ana a u interesu privilegovanih pojedinaca.<\/li>\n<li>Apelujem da se obezbjedi pravna, finansijska i svaka druga vrsta pomo\u0107i zvi\u017eda\u010dima, a da takozvani ASK doista postane ono \u0161to mu je svrha i \u0161to mu samo ime ka\u017ee \u2013 Agencija za spre\u010davanje korupcije. Postoje\u0107i sastav i djelovanje ASK-a je takvo da ga gra\u0111ani do\u017eivljavaju kao instituciju koja \u0161titi a ne spre\u010dava korupciju.<\/li>\n<\/ul>\n<p>Podgorica, 03.12.2018. godine<\/p>\n<p>Omer \u0160arki\u0107<\/p>\n","protected":false},"excerpt":{"rendered":"<p>Pi\u0161e: Omer \u0160ARKI\u0106<\/p>\n","protected":false},"author":12,"featured_media":0,"comment_status":"open","ping_status":"closed","sticky":false,"template":"","format":"standard","meta":{"_seopress_robots_primary_cat":"","_seopress_titles_title":"","_seopress_titles_desc":"","_seopress_robots_index":"","_et_pb_use_builder":"","_et_pb_old_content":"","_et_gb_content_width":"","inline_featured_image":false,"footnotes":""},"categories":[17],"tags":[],"class_list":["post-257575","post","type-post","status-publish","format-standard","hentry","category-blogovi"],"_links":{"self":[{"href":"https:\/\/www.pcnen.com\/portal\/wp-json\/wp\/v2\/posts\/257575","targetHints":{"allow":["GET"]}}],"collection":[{"href":"https:\/\/www.pcnen.com\/portal\/wp-json\/wp\/v2\/posts"}],"about":[{"href":"https:\/\/www.pcnen.com\/portal\/wp-json\/wp\/v2\/types\/post"}],"author":[{"embeddable":true,"href":"https:\/\/www.pcnen.com\/portal\/wp-json\/wp\/v2\/users\/12"}],"replies":[{"embeddable":true,"href":"https:\/\/www.pcnen.com\/portal\/wp-json\/wp\/v2\/comments?post=257575"}],"version-history":[{"count":0,"href":"https:\/\/www.pcnen.com\/portal\/wp-json\/wp\/v2\/posts\/257575\/revisions"}],"wp:attachment":[{"href":"https:\/\/www.pcnen.com\/portal\/wp-json\/wp\/v2\/media?parent=257575"}],"wp:term":[{"taxonomy":"category","embeddable":true,"href":"https:\/\/www.pcnen.com\/portal\/wp-json\/wp\/v2\/categories?post=257575"},{"taxonomy":"post_tag","embeddable":true,"href":"https:\/\/www.pcnen.com\/portal\/wp-json\/wp\/v2\/tags?post=257575"}],"curies":[{"name":"wp","href":"https:\/\/api.w.org\/{rel}","templated":true}]}}