{"id":257471,"date":"2018-12-02T07:18:21","date_gmt":"2018-12-02T06:18:21","guid":{"rendered":"http:\/\/www.pcnen.com\/portal\/?p=257471"},"modified":"2018-12-02T07:19:24","modified_gmt":"2018-12-02T06:19:24","slug":"dan-bivse-republike-govor-jednog-migranta","status":"publish","type":"post","link":"https:\/\/www.pcnen.com\/portal\/2018\/12\/02\/dan-bivse-republike-govor-jednog-migranta\/","title":{"rendered":"Dan biv\u0161e Republike, govor jednog Migranta"},"content":{"rendered":"<p><strong>Pi\u0161e: Zlatko Pakovi\u0107<\/strong><\/p>\n<p><img loading=\"lazy\" decoding=\"async\" class=\"alignright size-medium wp-image-218028\" src=\"http:\/\/www.pcnen.com\/portal\/wp-content\/uploads\/2016\/12\/Zlatko-Pakovic-300x220.jpg\" alt=\"\" width=\"300\" height=\"220\" \/>Nema\u010dka kancelarka Angela Merkel, Allah joj dragi dao rajsko naselje, otvoreno je pozvala nas, arapske muslimane i hri\u0161\u0107ane, nazvav\u0161i nas ljudima, da dobrodo\u0161li u\u0111emo u njenu zemlju kao na\u0161u.<\/p>\n<p>I mi smo do\u0161li, na taj poziv, iz realnosti na\u0161e pustinje, sa Istoka, prate\u0107i Sunce, na Zapad, u pustinju realnog. Zato nam je, zbog te date re\u010di, jer mi cenimo re\u010d, bilo neverovatno da nas potom deportuju iz zemlje u koju su nas pozvali na dobrodo\u0161licu. Me\u0111u nama ima i pravnika, ja sam jedan od njih, i mi dobro znamo da se Dablinska uredba na nas ne bi trebalo da odnosi; na na\u0161e drugarice i drugove koji su granice pre\u0161li ilegalno, ona se, na\u017ealost, da primeniti, ali ne i na nas. Uprkos tom zakonu, i mi smo deportovani, sve sa zakonom, sve sa pravom, sve sa dobrodo\u0161licom i filozofijom gra\u0111anskih sloboda i jednakosti. I evo nas sada ovde na ulazu u Evropsku uniju, me\u0111u vama, ve\u0107 pet godina, u biv\u0161oj Jugoslaviji.<\/p>\n<p>Hvala vam za to, di\u010dni gra\u0111ani i gra\u0111anke biv\u0161e Jugoslavije, hvala vam na va\u0161oj tolerantnosti, koja nije laka za vas, za va\u0161e tvrde navike i \u0161iroko polje predrasuda. Ali, vi ste poveli borbu sa sopstvenim kulturnim gnu\u0161anjem nad drugim i druga\u010dijim, i u njoj izvojevali pobedu. Eto, to je vi\u0161ak vrednosti \u2013 sila koja se pojavljuje neo\u010dekivano i re\u0161ava stvar. \u010covek samo treba da se usudi da bude. Vi ste se usudili. Mi smo vam zahvalni, i pozdravljamo vas, s nadom u srcu da \u0107e na\u0161i potomci ostati ovde, da na ovom lepom, izumiru\u0107em srpskohrvatskom jeziku, arapskom uhu tako ugodnom i bliskom, jer odva\u017enom i brzom poput arapskih lakonogih konja, pevaju o svojoj i va\u0161oj rodnoj grudici. Da, pravo na slobodnu poeziju, najvi\u0161e je ljudsko pravo. A tamo gde se slobodno peva, tamo \u0107e se i slobodno \u017eiveti, bez stranog protektorata i doma\u0107ih oligarhija.<\/p>\n<p>Na dana\u0161nji dan, kada ovako sve\u010dano obele\u017eavamo sedamdeset petu godi\u0161njicu va\u0161e biv\u0161e republike, s osobitim ponosom ka\u017eem: hvala, hvala, hvala, hvala, hvala vam za ono na \u0161ta se se usudili, a na \u0161ta nisu smeli da se usude gra\u0111ani i gra\u0111anke Ma\u0111arske, Austrije, Nema\u010dke, Francuske itd. itd. itd. itd. itd. Vi, ponositi Jugosloveni, vi ste danas i ovde so budu\u0107nosti Evrope, a mi, Migranti, bi\u0107emo njen biber.<\/p>\n<p>Za pet godina nau\u010dili smo srpskohrvatski kao paternji svoj jezik, za\u0161to ne bismo za trista ili tri hiljade godina nau\u010dili Evropu da \u017eivi po meri svoje poezije, o \u010demu su podu\u010davali jo\u0161 Homer i Eshil, o \u010demu su podu\u010davali i Avicena i Averoes, ti misaoni temelji Evrope, arapske, muslimanske krvi i nauke.<\/p>\n<p>Avicena je, kao \u0161to vi to dobro znate, latinsko ime persijskog islamskog filozofa i nau\u010dnika iz jedanaestog veka. On se zvao Ibn Sina. Avicenina filozofija izvr\u0161ila je presudan uticaj na hri\u0161\u0107ansku sholastiku, a Avicenino delo \u201eKanon medicine\u201c, sedam vekova je bilo glavni ud\u017ebenik medicine na univerzitetima u Evropi. Averroes je, \u0161to vam je tako\u0111e poznato, latinsko ime andaluzijskog arapskog filozofa iz dvanaestog veka. On se zvao Ibn Ru\u0161d. NJegovi komentari Aristotelovih spisa presudno su uticali na filozofiju Tome Akvinskog te se mo\u017ee re\u0107i da bez islamskog mislioca Averoesa ne bi bilo ni hri\u0161\u0107anske teologije kakvu danas poznajemo. Osim toga, hri\u0161\u0107ani koji se mole na arapskom jeziku, i koji Stari i Novi zavet \u010ditaju na arapskom kao svom maternjem jeziku, re\u010d Bog, Bog Starog i Novog zaveta, izgovaraju: Allah! Allah je atom Evrope!<\/p>\n<p>Na kraju, kako je govorila moja rahmetli majka, libijska komunistkinja, kad je bilo te\u0161ko govoriti, posle smrti bli\u017enjega, kad je sve to tako bolno: \u201eHajde, drugarice i drugovi, da zapevamo na\u0161u pesmu, s kricima Alena Ginzberga i \u0161apatima Lorensa Ferlingetija!\u201c Pesma se zove \u201eUstajte prezreni na svetu\u201c.<\/p>\n<p>Golema paranoja \u0161iri se diljem sveta\/ I niko se ne buni\/\/ Politi\u010dari ne prestaju da progone\/ Sve mu\u0161karce s turbanima\/ Oni ne prestaju da proteruju\/ Sve doseljenike neobi\u010dnog izgleda\/ I ponovo \u0161alju mlade ljude\/ Na bojna polja smrti\/ I niko se ne buni\/ Dok \u0107e mladi ljudi\/ Ponovo da ubijaju mlade ljude\/ Na bojnim poljima smrti\/ Deca koja vri\u0161te pod stepeni\u0161tima\/ Mladi\u0107i koji jecaju u vojskama\/ Starci koji pla\u010du po parkovima\/ Kapitalizam! Kapitalizam! Ko\u0161mar Kapitalizma\/ Kapitalizam surovi sudija ljudi\/ Kapitalizam \u010dija je ljubav neiscrpna nafta\/ Kapitalizam! Kapitalizam! Robotski stanovi\/ Nevidljiva predgra\u0111a! Riznice kostura\/ Demonske industrije! Sablasne nacije! Nepobedive ludnice\/ Korporativni kur\u010devi! Monstruozne bombe\/ Mrzimo diktaturu Bogatih\/ Mrzimo Multinacionalke koje pretapaju duh i ljude u dim i smolu\/ Mrzimo Banana Kompanije koje plja\u010dkaju decu Tre\u0107eg sveta\/ Mrzimo banke koje plja\u010dkaju sirotinju\/ Svet je zahvatio grozni hod\/ Rat nam se pi\u0161e\/ Imperijalizam je poslednji stadijum kapitalizma\/ Kapitalizam \u010dija je ljubav neiscrpna nafta\/ Vreme je da se izjasnite\/ Svi vi koji zagovarate slobodu\/ Svi vi koji zagovarate potrebu za sre\u0107om\/ Svi vi koji zagovarate ljubav i sanjate\/ Svoj li\u010dni san\/ Vreme je da i vi progovorite\/ O nema ve\u0107ino\/ Pre nego \u0161to do\u0111u po vas!<\/p>\n<p><a href=\"https:\/\/www.danas.rs\/kolumna\/zlatko-pakovic\/dan-bivse-republike-govor-jednog-migranta\/\">Danas<\/a><\/p>\n","protected":false},"excerpt":{"rendered":"<p>&#8220;Hajde, drugarice i drugovi, da zapevamo na\u0161u pesmu, s kricima Alena Ginzberga i \u0161apatima Lorensa Ferlingetija!\u201c <\/p>\n","protected":false},"author":1,"featured_media":0,"comment_status":"open","ping_status":"closed","sticky":false,"template":"","format":"standard","meta":{"_seopress_robots_primary_cat":"","_seopress_titles_title":"","_seopress_titles_desc":"","_seopress_robots_index":"","_et_pb_use_builder":"","_et_pb_old_content":"","_et_gb_content_width":"","inline_featured_image":false,"footnotes":""},"categories":[5],"tags":[],"class_list":["post-257471","post","type-post","status-publish","format-standard","hentry","category-drugi-pisu"],"_links":{"self":[{"href":"https:\/\/www.pcnen.com\/portal\/wp-json\/wp\/v2\/posts\/257471","targetHints":{"allow":["GET"]}}],"collection":[{"href":"https:\/\/www.pcnen.com\/portal\/wp-json\/wp\/v2\/posts"}],"about":[{"href":"https:\/\/www.pcnen.com\/portal\/wp-json\/wp\/v2\/types\/post"}],"author":[{"embeddable":true,"href":"https:\/\/www.pcnen.com\/portal\/wp-json\/wp\/v2\/users\/1"}],"replies":[{"embeddable":true,"href":"https:\/\/www.pcnen.com\/portal\/wp-json\/wp\/v2\/comments?post=257471"}],"version-history":[{"count":0,"href":"https:\/\/www.pcnen.com\/portal\/wp-json\/wp\/v2\/posts\/257471\/revisions"}],"wp:attachment":[{"href":"https:\/\/www.pcnen.com\/portal\/wp-json\/wp\/v2\/media?parent=257471"}],"wp:term":[{"taxonomy":"category","embeddable":true,"href":"https:\/\/www.pcnen.com\/portal\/wp-json\/wp\/v2\/categories?post=257471"},{"taxonomy":"post_tag","embeddable":true,"href":"https:\/\/www.pcnen.com\/portal\/wp-json\/wp\/v2\/tags?post=257471"}],"curies":[{"name":"wp","href":"https:\/\/api.w.org\/{rel}","templated":true}]}}