{"id":257430,"date":"2018-12-01T11:01:32","date_gmt":"2018-12-01T10:01:32","guid":{"rendered":"http:\/\/www.pcnen.com\/portal\/?p=257430"},"modified":"2018-12-01T19:44:16","modified_gmt":"2018-12-01T18:44:16","slug":"sto-svijet-suocen-s-najgorom-krizom-od-1947","status":"publish","type":"post","link":"https:\/\/www.pcnen.com\/portal\/2018\/12\/01\/sto-svijet-suocen-s-najgorom-krizom-od-1947\/","title":{"rendered":"STO: Svijet suo\u010den s najgorom krizom od 1947."},"content":{"rendered":"<p><img loading=\"lazy\" decoding=\"async\" class=\"size-medium wp-image-69312 alignleft\" src=\"http:\/\/www.pcnen.com\/portal\/wp-content\/uploads\/2011\/12\/wto-300x254.png\" alt=\"\" width=\"300\" height=\"254\" \/>Glavni direktor Svjetske trgovinske organizacije (STO), Roberto Azevedo je rekao da se slobodna trgovina u svijetu suo\u010dava s &#8220;najgorom krizom&#8221; od 1947. godine i da trenutni protekcionisti\u010dki talas prijeti slobodnoj trgovini.<\/p>\n<p>Azevedo, koji se trenutno nalazi u Buenos Ajresu gdje se odr\u017eava samit G20, rekao je za BBC da je &#8220;ovo najgora kriza ne za STO, ve\u0107 za cijeli multilateralni trgovinski sistem od GATT-a (Op\u0161teg sporazum o carinama i trgovini, koji je prethodio STO) 1947&#8221;.<\/p>\n<p>&#8220;Ovo je trenutak kad se neka temeljna na\u010dela organizacije, na\u010dela saradnje, na\u010dela nediskriminacije osporavaju i dovode u pitanje. I mislim da je to vrlo ozbiljno&#8221;, rekao je Azevedo, prenio je Index.hr.)<\/p>\n<p>Kako je istakao, &#8220;na\u010din komunikacije&#8221; izme\u0111u Kine i SAD mora se prebaciti iz &#8220;prijete\u0107eg, optu\u017eiva\u010dkog i upiranja prstom u onaj za pronala\u017eenje rje\u0161enja&#8221;.<\/p>\n<p>SAD i STO su trenutno u sporu zbog \u017dalbenog tijela koje rje\u0161ava trgovinske sporove izme\u0111u zemalja.<\/p>\n<p>SAD blokira nova imenovanja u to tijelo jer preispituje njegovu ulogu, \u010dime to tijelo jedva funkcioni\u0161e.<\/p>\n<p>U slu\u010daju da se spor uskoro ne rije\u0161i, rje\u0161avanje trgovinskih sporova izme\u0111u zemalja moglo bi biti paralizovano ve\u0107 od idu\u0107e godine.<\/p>\n<p>Azevedo je rekao da zemlje STO raspravljaju o &#8220;Planu B&#8221; kako bi izbjegli kolaps \u017dalbenog tijela kako bi ono moglo nastaviti s radom.<\/p>\n<p>&#8220;Naravno da \u0107e veliko pitanje biti ho\u0107e li SAD biti dio tog Plana B ili ne? Ako ne bude, rekao bih da \u0107e rje\u0161avanje sporova sa SAD biti ugro\u017eeno&#8221;, zaklju\u010dio je Azevedo.<\/p>\n","protected":false},"excerpt":{"rendered":"<p>Glavni direktor Svjetske trgovinske organizacije (STO), Roberto Azevedo je rekao da se slobodna trgovina u svijetu suo\u010dava s &#8220;najgorom krizom&#8221; od 1947. godine i da trenutni protekcionisti\u010dki talas prijeti slobodnoj trgovini. Azevedo, koji se trenutno nalazi u Buenos Ajresu gdje se odr\u017eava samit G20, rekao je za BBC da je &#8220;ovo najgora kriza ne za [&hellip;]<\/p>\n","protected":false},"author":1,"featured_media":0,"comment_status":"open","ping_status":"closed","sticky":false,"template":"","format":"standard","meta":{"_seopress_robots_primary_cat":"","_seopress_titles_title":"","_seopress_titles_desc":"","_seopress_robots_index":"","_et_pb_use_builder":"","_et_pb_old_content":"","_et_gb_content_width":"","inline_featured_image":false,"footnotes":""},"categories":[14,12],"tags":[],"class_list":["post-257430","post","type-post","status-publish","format-standard","hentry","category-vijesti","category-prica-dana"],"_links":{"self":[{"href":"https:\/\/www.pcnen.com\/portal\/wp-json\/wp\/v2\/posts\/257430","targetHints":{"allow":["GET"]}}],"collection":[{"href":"https:\/\/www.pcnen.com\/portal\/wp-json\/wp\/v2\/posts"}],"about":[{"href":"https:\/\/www.pcnen.com\/portal\/wp-json\/wp\/v2\/types\/post"}],"author":[{"embeddable":true,"href":"https:\/\/www.pcnen.com\/portal\/wp-json\/wp\/v2\/users\/1"}],"replies":[{"embeddable":true,"href":"https:\/\/www.pcnen.com\/portal\/wp-json\/wp\/v2\/comments?post=257430"}],"version-history":[{"count":0,"href":"https:\/\/www.pcnen.com\/portal\/wp-json\/wp\/v2\/posts\/257430\/revisions"}],"wp:attachment":[{"href":"https:\/\/www.pcnen.com\/portal\/wp-json\/wp\/v2\/media?parent=257430"}],"wp:term":[{"taxonomy":"category","embeddable":true,"href":"https:\/\/www.pcnen.com\/portal\/wp-json\/wp\/v2\/categories?post=257430"},{"taxonomy":"post_tag","embeddable":true,"href":"https:\/\/www.pcnen.com\/portal\/wp-json\/wp\/v2\/tags?post=257430"}],"curies":[{"name":"wp","href":"https:\/\/api.w.org\/{rel}","templated":true}]}}