{"id":257357,"date":"2018-11-30T00:15:40","date_gmt":"2018-11-29T23:15:40","guid":{"rendered":"http:\/\/www.pcnen.com\/portal\/?p=257357"},"modified":"2019-09-27T16:15:35","modified_gmt":"2019-09-27T14:15:35","slug":"medojevic-izjavio-da-mu-je-ugrozena-bezbjednost","status":"publish","type":"post","link":"https:\/\/www.pcnen.com\/portal\/2018\/11\/30\/medojevic-izjavio-da-mu-je-ugrozena-bezbjednost\/","title":{"rendered":"Medojevi\u0107 izjavio da mu je ugro\u017eena bezbjednost"},"content":{"rendered":"<p>Poslanik Demokratskog fronta i lider Pokreta za promjene Nebojsa Medojevic je tokom debate u parlamentu kazao da mu je ugro\u017eena bezbjednost jer je primijetio da ga prate osobe maskirane kapulja\u010dama i tim povodom se obratio ministru unutra\u0161njih poslova Mevludinu Nuhod\u017ei\u0107u i predsjedniku Odbora za odbranu i bezbjednost Obradu Stani\u0161i\u0107u.<\/p>\n<p>Obra\u0107anje je objavio <a href=\"https:\/\/www.facebook.com\/nebojsa.medojevic?epa=SEARCH_BOX\">na svojoj FB stranici.<\/a><\/p>\n","protected":false},"excerpt":{"rendered":"<p>Poslanik Demokratskog fronta i lider Pokreta za promjene Nebojsa Medojevic je tokom debate u parlamentu kazao da mu je ugro\u017eena bezbjednost jer je primijetio da ga prate osobe maskirane kapulja\u010dama i tim povodom se obratio ministru unutra\u0161njih poslova Mevludinu Nuhod\u017ei\u0107u i predsjedniku Odbora za odbranu i bezbjednost Obradu Stani\u0161i\u0107u. Obra\u0107anje je objavio na svojoj FB [&hellip;]<\/p>\n","protected":false},"author":1,"featured_media":0,"comment_status":"open","ping_status":"closed","sticky":false,"template":"","format":"standard","meta":{"_seopress_robots_primary_cat":"","_seopress_titles_title":"","_seopress_titles_desc":"","_seopress_robots_index":"","_et_pb_use_builder":"","_et_pb_old_content":"","_et_gb_content_width":"","inline_featured_image":false,"footnotes":""},"categories":[14],"tags":[],"class_list":["post-257357","post","type-post","status-publish","format-standard","hentry","category-vijesti"],"_links":{"self":[{"href":"https:\/\/www.pcnen.com\/portal\/wp-json\/wp\/v2\/posts\/257357","targetHints":{"allow":["GET"]}}],"collection":[{"href":"https:\/\/www.pcnen.com\/portal\/wp-json\/wp\/v2\/posts"}],"about":[{"href":"https:\/\/www.pcnen.com\/portal\/wp-json\/wp\/v2\/types\/post"}],"author":[{"embeddable":true,"href":"https:\/\/www.pcnen.com\/portal\/wp-json\/wp\/v2\/users\/1"}],"replies":[{"embeddable":true,"href":"https:\/\/www.pcnen.com\/portal\/wp-json\/wp\/v2\/comments?post=257357"}],"version-history":[{"count":0,"href":"https:\/\/www.pcnen.com\/portal\/wp-json\/wp\/v2\/posts\/257357\/revisions"}],"wp:attachment":[{"href":"https:\/\/www.pcnen.com\/portal\/wp-json\/wp\/v2\/media?parent=257357"}],"wp:term":[{"taxonomy":"category","embeddable":true,"href":"https:\/\/www.pcnen.com\/portal\/wp-json\/wp\/v2\/categories?post=257357"},{"taxonomy":"post_tag","embeddable":true,"href":"https:\/\/www.pcnen.com\/portal\/wp-json\/wp\/v2\/tags?post=257357"}],"curies":[{"name":"wp","href":"https:\/\/api.w.org\/{rel}","templated":true}]}}