{"id":257324,"date":"2018-11-30T00:06:51","date_gmt":"2018-11-29T23:06:51","guid":{"rendered":"http:\/\/www.pcnen.com\/portal\/?p=257324"},"modified":"2018-11-30T00:09:12","modified_gmt":"2018-11-29T23:09:12","slug":"crnogorski-parlament-usvojio-rezoluciju-protiv-podgoricke-skupstine","status":"publish","type":"post","link":"https:\/\/www.pcnen.com\/portal\/2018\/11\/30\/crnogorski-parlament-usvojio-rezoluciju-protiv-podgoricke-skupstine\/","title":{"rendered":"Crnogorski parlament usvojio rezoluciju protiv Podgori\u010dke skup\u0161tine"},"content":{"rendered":"<p><img loading=\"lazy\" decoding=\"async\" class=\"alignleft size-full wp-image-58485\" src=\"http:\/\/www.pcnen.com\/portal\/wp-content\/uploads\/2011\/08\/Sjednica-crnogorskog-parlamenta-arhivski-snimak.jpeg\" alt=\"\" width=\"282\" height=\"178\" \/>Parlamentarna ve\u0107ina je ve\u010deras usvojila predlog rezolucije kojom se poni\u0161tava odluka Podgori\u010dke skup\u0161tine iz 1918, o ujedinjenju Crne Gore sa Srbijom. Za rezoluciju je glasalo 46, a protiv 16 poslanika.<\/p>\n<p>Iz Demokratskog fronta, \u010diji su poslanici o\u0161tro napadali ideju o usvajanju rezolucije i ocjenjivali je kao dokumentu koji produbljuje podjele, a ne miri, kako su tvrdili predlaga\u010di, tra\u017eeno je da se predlo\u017eeni dokument povu\u010de.<\/p>\n<p>Vijek od odr\u017eavanja Velike narodne skup\u0161tine srpskog naroda u Crnoj Gori, poznatije kao Podgori\u010dka skup\u0161tina, zvani\u010dna Crna Gora taj doga\u0111aj vidi kao zatiranje crnogorskog istorijsko-kulturnog identiteta.<\/p>\n<p>U predlogu rezolucije se navodi da je jedan od razloga predlaganja rezolucije \u201e\u010dinjenica da se, 100 godina nakon tragi\u010dnog doga\u0111aja, on poku\u0161ava zloupotrijebiti u dnevno-politi\u010dke svrhe , slu\u017ee\u0107i kao upori\u0161te nekim unutra\u0161njim i spoljnim nacionalisti\u010dkim strukturama za negiranje crnogorske nacije i dr\u017eave\u201c.<\/p>\n<p>Tako\u0111e, u predlogu dokumenta se navodi i da je nelegalnost i nezakonito konstituisanje Podgori\u010dke skup\u0161tine formalno-pravni osnov za ni\u0161tavost svih njenih odluka.<\/p>\n<p>Osim toga, navodi se da je Podgori\u010dka skup\u0161tina bila \u201einstrument kojim je izvr\u0161en prevrat u Crnoj Gori\u201c.<\/p>\n<p>Zakonodavni odbor crnogorskog parlamenta i Vlada su <a href=\"http:\/\/www.pcnen.com\/portal\/2018\/11\/28\/zakonodavni-odbor-podrzao-rezoluciju-o-podgorickoj-skupstini\/\">podr\u017eali je Predlog rezolucije.<\/a><\/p>\n<p>Crna Gora je nedavno zabranila u\u010de\u0161\u0107e pojedinih srpskih intelektualaca na obilje\u017eavanje godi\u0161njice Podgori\u010dke skup\u0161tine po crnogorskim gradovima, koji su se odr\u017eavali u slavu ujedinjenja i oslobo\u0111enja, a ujedno je i z<a href=\"http:\/\/www.pcnen.com\/portal\/2018\/11\/01\/ne-postoji-zvanicni-spisak-ali-su-beckovic-antic-rakovic-i-mirovic-nepozeljni\/\">abranjen ulazak u Crnu Goru <\/a>pjesniku Matiji Be\u0107kovi\u0107u, istori\u010darima \u010cedomiru Anti\u0107u i Aleksandru Rakovi\u0107u i pravniku Dejanu Mirovi\u0107u, zbog, kako je navedeno, \u201eugro\u017eavanja nacionalne sigurnosti i bezbijednosti Crne Gore\u201c.<\/p>\n<p>Ubrzo zatim, iz crnogorskih <a href=\"http:\/\/www.pcnen.com\/portal\/2018\/11\/05\/cg-zmaj-santic-radicevic-maksimovic-cosic-izbaceni-iz-lektira\/\">ud\u017ebenika i lektira izba\u010deni<\/a> su pojedini proslavljeni srpski pjesnici i pisci, poput Alekse \u0160anti\u0107a i Desanke Maksimovi\u0107, Jovana Jovanovi\u0107a Zmaja\u2026<\/p>\n","protected":false},"excerpt":{"rendered":"<p>Parlamentarna ve\u0107ina je ve\u010deras usvojila predlog rezolucije kojom se poni\u0161tava odluka Podgori\u010dke skup\u0161tine iz 1918, o ujedinjenju Crne Gore sa Srbijom. Za rezoluciju je glasalo 46, a protiv 16 poslanika. Iz Demokratskog fronta, \u010diji su poslanici o\u0161tro napadali ideju o usvajanju rezolucije i ocjenjivali je kao dokumentu koji produbljuje podjele, a ne miri, kako su [&hellip;]<\/p>\n","protected":false},"author":1,"featured_media":0,"comment_status":"open","ping_status":"closed","sticky":false,"template":"","format":"standard","meta":{"_seopress_robots_primary_cat":"","_seopress_titles_title":"","_seopress_titles_desc":"","_seopress_robots_index":"","_et_pb_use_builder":"","_et_pb_old_content":"","_et_gb_content_width":"","inline_featured_image":false,"footnotes":""},"categories":[14,12],"tags":[],"class_list":["post-257324","post","type-post","status-publish","format-standard","hentry","category-vijesti","category-prica-dana"],"_links":{"self":[{"href":"https:\/\/www.pcnen.com\/portal\/wp-json\/wp\/v2\/posts\/257324","targetHints":{"allow":["GET"]}}],"collection":[{"href":"https:\/\/www.pcnen.com\/portal\/wp-json\/wp\/v2\/posts"}],"about":[{"href":"https:\/\/www.pcnen.com\/portal\/wp-json\/wp\/v2\/types\/post"}],"author":[{"embeddable":true,"href":"https:\/\/www.pcnen.com\/portal\/wp-json\/wp\/v2\/users\/1"}],"replies":[{"embeddable":true,"href":"https:\/\/www.pcnen.com\/portal\/wp-json\/wp\/v2\/comments?post=257324"}],"version-history":[{"count":0,"href":"https:\/\/www.pcnen.com\/portal\/wp-json\/wp\/v2\/posts\/257324\/revisions"}],"wp:attachment":[{"href":"https:\/\/www.pcnen.com\/portal\/wp-json\/wp\/v2\/media?parent=257324"}],"wp:term":[{"taxonomy":"category","embeddable":true,"href":"https:\/\/www.pcnen.com\/portal\/wp-json\/wp\/v2\/categories?post=257324"},{"taxonomy":"post_tag","embeddable":true,"href":"https:\/\/www.pcnen.com\/portal\/wp-json\/wp\/v2\/tags?post=257324"}],"curies":[{"name":"wp","href":"https:\/\/api.w.org\/{rel}","templated":true}]}}