{"id":257304,"date":"2018-11-29T08:09:40","date_gmt":"2018-11-29T07:09:40","guid":{"rendered":"http:\/\/www.pcnen.com\/portal\/?p=257304"},"modified":"2018-11-29T11:11:23","modified_gmt":"2018-11-29T10:11:23","slug":"podsjetnik-drugo-zasijedanje-avnoj-a","status":"publish","type":"post","link":"https:\/\/www.pcnen.com\/portal\/2018\/11\/29\/podsjetnik-drugo-zasijedanje-avnoj-a\/","title":{"rendered":"PODSJETNIK: Drugo zasijedanje AVNOJ-a"},"content":{"rendered":"<p><img loading=\"lazy\" decoding=\"async\" class=\"alignleft size-medium wp-image-214505\" src=\"http:\/\/www.pcnen.com\/portal\/wp-content\/uploads\/2016\/10\/grb-sfrj-226x300.jpg\" alt=\"\" width=\"226\" height=\"300\" \/>Drugo zasjedanje Antifa\u0161isti\u010dkog vije\u0107a narodnog oslobo\u0111enja Jugoslavije (AVNOJ) odr\u017eano je 29. novembra 1943. u Jajcu. Na zasijedanju je AVNOJ konstituisan u zakonodavno i izvr\u0161no predstavni\u010dko tijelo Jugoslavije, uspostavljen je Nacionalni komitet oslobo\u0111enja Jugoslavije (NKOJ).<\/p>\n<p>Na zasijedanju je bilo ukupno 142 delegata.<\/p>\n<p>Zasijedanja je po\u010delo himnom &#8220;Hej Sloveni&#8221;, u izvo\u0111enju pozori\u0161nog hora narodnog oslobo\u0111enja, a zavr\u0161eno kozara\u010dkim kolom.<\/p>\n<p>Radnim dijelom zasijedanja rukovodilo je Predsjedni\u0161tvo u sastavu: dr Vojislav Kecmanovi\u0107, dr Ivan Milutinovi\u0107, dr Sreten \u017dujovi\u0107, dr Josip Vidmar, dr Pavle Gregori\u0107, dr Zlatan Sremec, dr Sulejman Filipovi\u0107 i pravoslavni sve\u0161tenik iz Krupnja Vlado Ze\u010devi\u0107.<\/p>\n<p><a href=\"http:\/\/www.arhivyu.gov.rs\/active\/sr-latin\/home\/glavna_navigacija\/leksikon_jugoslavije\/konstitutivni_akti_jugoslavije\/deklaracija_drugog_zasedanja_avnoja.html\">Glavne odluke<\/a> koje su donesene na drugom zasijedanju AVNOJ-a:<\/p>\n<p>Antifa\u0161isti\u010dko vije\u0107e narodnog oslobo\u0111enja Jugoslavije se konstitui\u0161e u zakonodavno i izvr\u0161no predstavni\u010dko tijelo Jugoslavije, kao vrhovni predstavnik naroda i uspostavlja se Nacionalni komitet oslobo\u0111enja Jugoslavije (NKOJ), sa svim obilje\u017ejima narodne vlade, preko koga \u0107e AVNOJ ostvarivati \u200b\u200bsvoju izvr\u0161nu funkciju;<\/p>\n<p>Zabranjuje se jugoslovenskoj izbjegli\u010dkoj vladi povratak u zemlju i oduzimaju se sva prava zakonite vlade Jugoslavije, a tako\u0111e se zabranjuje i povratak u zemlju kralja Petra II Kara\u0111or\u0111evi\u0107a do zavr\u0161etka rata, kada \u0107e narod odlu\u010diti ho\u0107e li republiku ili monarhiju;<\/p>\n<p>Ne priznaju se obaveze koje su u inostranstvu u ime Jugoslavije sklopile izbjegli\u010dke &#8220;vlade&#8221;, a u cilju njihovog poni\u0161tenja ili ponovnog sklapanja, odnosno odobrenja i ne priznaju se me\u0111unarodni ugovori i obaveze koje bi ubudu\u0107e u inostranstvu eventualno sklopila izbjegli\u010dka takozvana vlada;<\/p>\n<p>Jugoslavija se ima izgraditi na demokratskom principu kao dr\u017eavna zajednica ravnopravnih naroda.<\/p>\n","protected":false},"excerpt":{"rendered":"<p>    Jugoslavija se ima izgraditi na demokratskom principu kao dr\u017eavna zajednica ravnopravnih naroda<\/p>\n","protected":false},"author":1,"featured_media":0,"comment_status":"open","ping_status":"closed","sticky":false,"template":"","format":"standard","meta":{"_seopress_robots_primary_cat":"","_seopress_titles_title":"","_seopress_titles_desc":"","_seopress_robots_index":"","_et_pb_use_builder":"","_et_pb_old_content":"","_et_gb_content_width":"","inline_featured_image":false,"footnotes":""},"categories":[14,12],"tags":[],"class_list":["post-257304","post","type-post","status-publish","format-standard","hentry","category-vijesti","category-prica-dana"],"_links":{"self":[{"href":"https:\/\/www.pcnen.com\/portal\/wp-json\/wp\/v2\/posts\/257304","targetHints":{"allow":["GET"]}}],"collection":[{"href":"https:\/\/www.pcnen.com\/portal\/wp-json\/wp\/v2\/posts"}],"about":[{"href":"https:\/\/www.pcnen.com\/portal\/wp-json\/wp\/v2\/types\/post"}],"author":[{"embeddable":true,"href":"https:\/\/www.pcnen.com\/portal\/wp-json\/wp\/v2\/users\/1"}],"replies":[{"embeddable":true,"href":"https:\/\/www.pcnen.com\/portal\/wp-json\/wp\/v2\/comments?post=257304"}],"version-history":[{"count":0,"href":"https:\/\/www.pcnen.com\/portal\/wp-json\/wp\/v2\/posts\/257304\/revisions"}],"wp:attachment":[{"href":"https:\/\/www.pcnen.com\/portal\/wp-json\/wp\/v2\/media?parent=257304"}],"wp:term":[{"taxonomy":"category","embeddable":true,"href":"https:\/\/www.pcnen.com\/portal\/wp-json\/wp\/v2\/categories?post=257304"},{"taxonomy":"post_tag","embeddable":true,"href":"https:\/\/www.pcnen.com\/portal\/wp-json\/wp\/v2\/tags?post=257304"}],"curies":[{"name":"wp","href":"https:\/\/api.w.org\/{rel}","templated":true}]}}