{"id":257288,"date":"2018-11-28T22:23:23","date_gmt":"2018-11-28T21:23:23","guid":{"rendered":"http:\/\/www.pcnen.com\/portal\/?p=257288"},"modified":"2018-11-28T23:07:03","modified_gmt":"2018-11-28T22:07:03","slug":"vjetrovito-i-uglavnom-suvo","status":"publish","type":"post","link":"https:\/\/www.pcnen.com\/portal\/2018\/11\/28\/vjetrovito-i-uglavnom-suvo\/","title":{"rendered":"Vjetrovito i uglavnom suvo"},"content":{"rendered":"<p><img loading=\"lazy\" decoding=\"async\" class=\"alignleft size-medium wp-image-194943\" src=\"http:\/\/www.pcnen.com\/portal\/wp-content\/uploads\/2015\/12\/vjetrovito-300x194.jpg\" alt=\"\" width=\"300\" height=\"194\" \/>U ju\u017enim i centralnim krajevima Crne Gore bi\u0107e prete\u017eno sun\u010dano, a na sjeveru zemlje promjenljivo obla\u010dno, hladno i uglavnom bez padavina.<\/p>\n<p>Sjeverni i sjeveroisto\u010dni vjetar \u0107e mjestimi\u010dno biti poja\u010dan i jak, a na udare i olujne ja\u010dine. Vjetar \u0107e postepeno slabiti tokom dana.<\/p>\n<p>Jutarnja temperatura vazduha bi\u0107e u rasponu od -8 do 7, a najvi\u0161a dnevna od -5 do 15 stepeni.<\/p>\n<p>U Podgorici \u0107e biti prete\u017eno sun\u010dano. Vjetar sjeveroisto\u010dni bi\u0107e poja\u010dan i jak, a na udare olujne ja\u010dine. Tokom dana \u0107e vjetar postepeno slabiti. Jutarnja temperatura vazduha bi\u0107e oko 4, a najvi\u0161a dnevna oko 11 stepeni.<\/p>\n<p><a href=\"http:\/\/www.meteo.co.me\/misc.php?text=121&amp;sektor=1&amp;grad=BAR\">Prognoza za ostale gradove.<\/a><\/p>\n","protected":false},"excerpt":{"rendered":"<p>Jutarnja temperatura vazduha bi\u0107e u rasponu od -8 do 7, a najvi\u0161a dnevna od -5 do 15 stepeni<\/p>\n","protected":false},"author":1,"featured_media":0,"comment_status":"open","ping_status":"closed","sticky":false,"template":"","format":"standard","meta":{"_seopress_robots_primary_cat":"","_seopress_titles_title":"","_seopress_titles_desc":"","_seopress_robots_index":"","_et_pb_use_builder":"","_et_pb_old_content":"","_et_gb_content_width":"","inline_featured_image":false,"footnotes":""},"categories":[14,12],"tags":[],"class_list":["post-257288","post","type-post","status-publish","format-standard","hentry","category-vijesti","category-prica-dana"],"_links":{"self":[{"href":"https:\/\/www.pcnen.com\/portal\/wp-json\/wp\/v2\/posts\/257288","targetHints":{"allow":["GET"]}}],"collection":[{"href":"https:\/\/www.pcnen.com\/portal\/wp-json\/wp\/v2\/posts"}],"about":[{"href":"https:\/\/www.pcnen.com\/portal\/wp-json\/wp\/v2\/types\/post"}],"author":[{"embeddable":true,"href":"https:\/\/www.pcnen.com\/portal\/wp-json\/wp\/v2\/users\/1"}],"replies":[{"embeddable":true,"href":"https:\/\/www.pcnen.com\/portal\/wp-json\/wp\/v2\/comments?post=257288"}],"version-history":[{"count":0,"href":"https:\/\/www.pcnen.com\/portal\/wp-json\/wp\/v2\/posts\/257288\/revisions"}],"wp:attachment":[{"href":"https:\/\/www.pcnen.com\/portal\/wp-json\/wp\/v2\/media?parent=257288"}],"wp:term":[{"taxonomy":"category","embeddable":true,"href":"https:\/\/www.pcnen.com\/portal\/wp-json\/wp\/v2\/categories?post=257288"},{"taxonomy":"post_tag","embeddable":true,"href":"https:\/\/www.pcnen.com\/portal\/wp-json\/wp\/v2\/tags?post=257288"}],"curies":[{"name":"wp","href":"https:\/\/api.w.org\/{rel}","templated":true}]}}