{"id":257257,"date":"2018-11-28T08:57:59","date_gmt":"2018-11-28T07:57:59","guid":{"rendered":"http:\/\/www.pcnen.com\/portal\/?p=257257"},"modified":"2018-11-28T09:00:41","modified_gmt":"2018-11-28T08:00:41","slug":"sukovic-otkrio-da-je-premijer-markovic-u-neprincipijelnoj-koaliciji-sa-koncernom-vijesti","status":"publish","type":"post","link":"https:\/\/www.pcnen.com\/portal\/2018\/11\/28\/sukovic-otkrio-da-je-premijer-markovic-u-neprincipijelnoj-koaliciji-sa-koncernom-vijesti\/","title":{"rendered":"\u0160ukovi\u0107 otkrio da je premijer Markovi\u0107 u neprincipijelnoj koaliciji sa koncernom Vijesti"},"content":{"rendered":"<p><img loading=\"lazy\" decoding=\"async\" class=\"alignleft size-medium wp-image-253922\" src=\"http:\/\/www.pcnen.com\/portal\/wp-content\/uploads\/2018\/09\/Sukovic-ziva-istina-300x201.jpg\" alt=\"\" width=\"300\" height=\"201\" \/>Analiziraju\u0107i dvogodi\u0161nji u\u010dinak vlade premijera Du\u0161ka Markovi\u0107a, novinar Darko \u0160ukovi\u0107, vlasnik podgori\u010dkog radia Antena M i autor tv emisije \u2018\u017diva istina\u2019, koja se od nedavno emituje na nacionalnoj javnoj televiziji, ukazao je na vezu Markovi\u0107evog kabineta sa \u2018koncernom Vijesti\u2019.<\/p>\n<p>\u201cPartneratvo s koncernom Vijesti mo\u017eda je i najupe\u010datljiviji diskontinuitet sa \u0110ukanovi\u0107evom vladom. Uspostavljeno je od starta, dok su jo\u0161 bili svje\u017ei tragovi njihovog medijskog sponzorisanja DF, protiv \u010dijih je \u010delnika Tu\u017eilastvo podiglo optu\u017enicu za poku\u0161aj terorizma. Nastavljeno je do danas, uprkos kontinuiranom banalizivanju \u2018dr\u017eavnog udara\u2019 u glasilima koncerna?\u201d, napisao je \u0160ukovi\u0107 u tekstu objavljenom na <a href=\"http:\/\/www.antenam.net\/stav\/102008-dvije-godine-markoviceve-vlade-s-materijom-nekako-s-duhom-nikako\">internet stranici Antene M.<\/a><\/p>\n<p>\u0160ukovi\u0107 se poziva na neimenovane izvore iz \u201cMarkovi\u0107evog okru\u017eenja\u201d koji su mu kazali kako je Markovi\u0107, \u201cnaprosto, procijenio da on ne bi mogao izdr\u017eati medijsku torturu i ostati u sedlu, kao \u0110ukanovi\u0107\u201d, pa se \u201codlu\u010dio na \u2018trgovinu\u2019, koja mu je u \u2018miraz\u2019 donijela partnerstvo sa povezanim dijelom NVO sektora i, nadasve, veze bez \u0161umova sa, vi\u0161e Hanom, nego Briselom\u201d.<\/p>\n<p>\u201cDa li je dobitak od \u2018kolonijalne\u00a0 posluge\u2019 na \u0107upriji, ve\u0107i od onoga \u0161to premijer rizikuje na mostu? Te\u0161ko da je Markovi\u0107ev kredibilitet u bazi porastao zbog preo\u010digledno selektivne, za njega i za nekoliko \u010dlanova Vlade, podr\u0161ke Vijesti, dok su \u0110ukanovi\u0107 i DPS, politi\u010dki otac i inkubator premijera i saradnika, ostali opsesivna meta te, samo po zvani\u010dnoj djelatnosti, medijske ku\u0107e.<\/p>\n<p>Partnerstvom premijera sa odabranim glasilima i NVO nije promijenjena slika vlasti kao nepravednog distributera dru\u0161tvenog bogatstva, dru\u0161tva u kojem kajmak skuplja vladaju\u0107a vrhu\u0161ka i njen klijentelisti\u010dki krug. \u2018Novo\u2019 je \u0161to se ta anomalija, sada ne vezuje za Vladu, barem ne klju\u010dno, nego za \u2018\u0161efa re\u017eima\u2019 \u0110ukanovi\u0107a. Tako smo na javnoj pozornici dobili jo\u0161 jedan, samo u Crnoj Gori mogu\u0107, paradoks: provladine, antire\u017eimske medije!\u201d, ocijenio je \u0160ukovi\u0107.<\/p>\n","protected":false},"excerpt":{"rendered":"<p>Markovi\u0107, \u201cnaprosto, procijenio da on ne bi mogao izdr\u017eati medijsku torturu i ostati u sedlu, kao \u0110ukanovi\u0107\u201d, pa se \u201codlu\u010dio na \u2018trgovinu\u2019<\/p>\n","protected":false},"author":1,"featured_media":0,"comment_status":"open","ping_status":"closed","sticky":false,"template":"","format":"standard","meta":{"_seopress_robots_primary_cat":"","_seopress_titles_title":"","_seopress_titles_desc":"","_seopress_robots_index":"","_et_pb_use_builder":"","_et_pb_old_content":"","_et_gb_content_width":"","inline_featured_image":false,"footnotes":""},"categories":[14,12],"tags":[],"class_list":["post-257257","post","type-post","status-publish","format-standard","hentry","category-vijesti","category-prica-dana"],"_links":{"self":[{"href":"https:\/\/www.pcnen.com\/portal\/wp-json\/wp\/v2\/posts\/257257","targetHints":{"allow":["GET"]}}],"collection":[{"href":"https:\/\/www.pcnen.com\/portal\/wp-json\/wp\/v2\/posts"}],"about":[{"href":"https:\/\/www.pcnen.com\/portal\/wp-json\/wp\/v2\/types\/post"}],"author":[{"embeddable":true,"href":"https:\/\/www.pcnen.com\/portal\/wp-json\/wp\/v2\/users\/1"}],"replies":[{"embeddable":true,"href":"https:\/\/www.pcnen.com\/portal\/wp-json\/wp\/v2\/comments?post=257257"}],"version-history":[{"count":0,"href":"https:\/\/www.pcnen.com\/portal\/wp-json\/wp\/v2\/posts\/257257\/revisions"}],"wp:attachment":[{"href":"https:\/\/www.pcnen.com\/portal\/wp-json\/wp\/v2\/media?parent=257257"}],"wp:term":[{"taxonomy":"category","embeddable":true,"href":"https:\/\/www.pcnen.com\/portal\/wp-json\/wp\/v2\/categories?post=257257"},{"taxonomy":"post_tag","embeddable":true,"href":"https:\/\/www.pcnen.com\/portal\/wp-json\/wp\/v2\/tags?post=257257"}],"curies":[{"name":"wp","href":"https:\/\/api.w.org\/{rel}","templated":true}]}}