{"id":257246,"date":"2018-11-27T21:08:52","date_gmt":"2018-11-27T20:08:52","guid":{"rendered":"http:\/\/www.pcnen.com\/portal\/?p=257246"},"modified":"2018-11-27T21:08:52","modified_gmt":"2018-11-27T20:08:52","slug":"amfilohije-pisao-poslanicima-ne-usvajajte-rezoluciju","status":"publish","type":"post","link":"https:\/\/www.pcnen.com\/portal\/2018\/11\/27\/amfilohije-pisao-poslanicima-ne-usvajajte-rezoluciju\/","title":{"rendered":"Amfilohije pisao poslanicima: Ne usvajajte rezoluciju"},"content":{"rendered":"<p><img loading=\"lazy\" decoding=\"async\" src=\"http:\/\/www.pcnen.com\/portal\/wp-content\/uploads\/2018\/01\/Amfilohije-300x200.jpg\" alt=\"\" width=\"300\" height=\"200\" class=\"alignleft size-medium wp-image-239442\" \/>Mitropolit crnogorsko primorski Amfilohije pozvao je poslanike crnogorskog parlamenta da ne usvajaju rezoluciju o poni\u0161tavanju odluka Podgori\u010dke skup\u0161tine. <\/p>\n<p>Amfilohije je u pismu poslaniccima, u koje je agencija Mina imala uvid, naveo da se time ja\u010daju podjele i \u201eionako veliki potencijal nestabilnosti u crnogorskom dru\u0161tvu\u201c.<\/p>\n<p>On je kazao da ne zna kako rezolucija mo\u017ee doprinijeti pobolj\u0161avanju odnosa sa Srbijom, budu\u0107i da se, kako je naveo, pitanje Velike narodne skup\u0161tine srpskog naroda u Crnoj Gori gotovo i ne doti\u010de srbijansko-crnogorskih odnosa, ve\u0107 je uzrok tenzija unutar Crne Gore.<\/p>\n<p>\u201eNe vidimo da \u0107e doprinijeti bilo kakvom pomirenju ili konsenzusu, \u010dinjenica da \u0107e jedan dio skup\u0161tine izglasati Rezoluciju kojom \u0107e se donijeti vrijednosni sud o doga\u0111ajima od prije sto godina&#8221;, navodi se u pismu Amfilohija.<\/p>\n<p>Prema njegovim rije\u010dima, donedavno su u dijelu partija koje \u010dine vladaju\u0107u koaliciju, na \u010delu sa predsjednikom dr\u017eave, druga\u010dije mislili o tom pitanju&#8221;.<\/p>\n<p>&#8220;Apelujemo na sve da ne koristimo osjetljive teme za dnevno-politi\u010dko obra\u010dunavanje sa na\u0161om bra\u0107om, ro\u0111acima, kumovima, susjedima&#8221;, poru\u010dio je Amfilohije.<\/p>\n<p>Parlament \u0107e u \u010detvrtak raspravljati o Predlogu rezolucije koji su podnijeli poslanici vladaju\u0107e koalicije, a kojim se tra\u017ei da se odluke Podgori\u010dke skup\u0161tine proglase ni\u0161tavnim. <\/p>\n","protected":false},"excerpt":{"rendered":"<p>Mitropolit crnogorsko primorski Amfilohije pozvao je poslanike crnogorskog parlamenta da ne usvajaju rezoluciju o poni\u0161tavanju odluka Podgori\u010dke skup\u0161tine. Amfilohije je u pismu poslaniccima, u koje je agencija Mina imala uvid, naveo da se time ja\u010daju podjele i \u201eionako veliki potencijal nestabilnosti u crnogorskom dru\u0161tvu\u201c. On je kazao da ne zna kako rezolucija mo\u017ee doprinijeti pobolj\u0161avanju [&hellip;]<\/p>\n","protected":false},"author":1,"featured_media":0,"comment_status":"open","ping_status":"closed","sticky":false,"template":"","format":"standard","meta":{"_seopress_robots_primary_cat":"","_seopress_titles_title":"","_seopress_titles_desc":"","_seopress_robots_index":"","_et_pb_use_builder":"","_et_pb_old_content":"","_et_gb_content_width":"","inline_featured_image":false,"footnotes":""},"categories":[14],"tags":[],"class_list":["post-257246","post","type-post","status-publish","format-standard","hentry","category-vijesti"],"_links":{"self":[{"href":"https:\/\/www.pcnen.com\/portal\/wp-json\/wp\/v2\/posts\/257246","targetHints":{"allow":["GET"]}}],"collection":[{"href":"https:\/\/www.pcnen.com\/portal\/wp-json\/wp\/v2\/posts"}],"about":[{"href":"https:\/\/www.pcnen.com\/portal\/wp-json\/wp\/v2\/types\/post"}],"author":[{"embeddable":true,"href":"https:\/\/www.pcnen.com\/portal\/wp-json\/wp\/v2\/users\/1"}],"replies":[{"embeddable":true,"href":"https:\/\/www.pcnen.com\/portal\/wp-json\/wp\/v2\/comments?post=257246"}],"version-history":[{"count":0,"href":"https:\/\/www.pcnen.com\/portal\/wp-json\/wp\/v2\/posts\/257246\/revisions"}],"wp:attachment":[{"href":"https:\/\/www.pcnen.com\/portal\/wp-json\/wp\/v2\/media?parent=257246"}],"wp:term":[{"taxonomy":"category","embeddable":true,"href":"https:\/\/www.pcnen.com\/portal\/wp-json\/wp\/v2\/categories?post=257246"},{"taxonomy":"post_tag","embeddable":true,"href":"https:\/\/www.pcnen.com\/portal\/wp-json\/wp\/v2\/tags?post=257246"}],"curies":[{"name":"wp","href":"https:\/\/api.w.org\/{rel}","templated":true}]}}