{"id":257121,"date":"2018-11-25T22:54:30","date_gmt":"2018-11-25T21:54:30","guid":{"rendered":"http:\/\/www.pcnen.com\/portal\/?p=257121"},"modified":"2018-11-25T23:15:59","modified_gmt":"2018-11-25T22:15:59","slug":"rusija-i-ukrajina-na-ivici-rata","status":"publish","type":"post","link":"https:\/\/www.pcnen.com\/portal\/2018\/11\/25\/rusija-i-ukrajina-na-ivici-rata\/","title":{"rendered":"Rusija i Ukrajina na ivici rata?"},"content":{"rendered":"<p>Zvani\u010dni Kijev razmatra moguc\u0301nost uvo\u0111enja ratnog stanja nakon \u0161to je ruska vojska pucala na ukrajinske brodove i zarobila ih.<\/p>\n<p>&#8220;Predla\u017eem da sprevodemo zasijedanje kako bismo uveli re\u017eim ratnog stanja\u201c, rekao je, na brifingu koji su preneli ukrajinski mediji, sekretar Savjeta za nacionalnu bezbednost i odbranu Aleksandar Tur\u010dinov.<\/p>\n<p>Iz NATO saveza su obje dr\u017eave pozvali na uzdr\u017eanost. To je u\u010dinila i Evropska unija.<\/p>\n<p>Ukrajinsko Ministarstvo odbrane je saop\u0161tilo da je sa ruskog broda ispaljena raketa prema grupi ukrajinskih brodova u Ker\u010dkom prolazu.<\/p>\n<p>Ukrajinska mornarica je saop\u0161tila da su dva naoru\u017eana broda o\u0161te\u0107ena i da su ostala bez motora, kao i da su ruske snage zarobile tri ukrajinska plovila. Navedeno je i da su dva pripadnika mornarice povrije\u0111ena, kao i da su ukrajinske snage uzvratile vatru.<\/p>\n<p>Ne\u0161to kasnije je ruska strana potvrdila da je upotrijebljeno oru\u017eje protiv ukrajinskih brodova i da su ranjena trojica ukrajinskig vojnika, kojima je pru\u017eena sva neophodna medicinska pomoc\u0301 i \u010diji \u017eivoti nijesu ugro\u017eeni.<\/p>\n<p><iframe loading=\"lazy\" title=\"\u041a\u043e\u0440\u0430\u0431\u043b\u0438 \u0420\u0424 \u0431\u043b\u043e\u043a\u0438\u0440\u0443\u044e\u0442 \u043f\u0440\u043e\u0445\u043e\u0434 \u0447\u0435\u0440\u0435\u0437 \u041a\u0435\u0440\u0447\u0435\u043d\u0441\u043a\u0438\u0439 \u043f\u0440\u043e\u043b\u0438\u0432\" width=\"1080\" height=\"608\" src=\"https:\/\/www.youtube.com\/embed\/XZFkPHWOLU8?feature=oembed\" frameborder=\"0\" allow=\"accelerometer; autoplay; clipboard-write; encrypted-media; gyroscope; picture-in-picture; web-share\" allowfullscreen><\/iframe><\/p>\n<p>Ruska strana je saop\u0161tila i da je protiv Ukrajinaca podignuta optu\u017enica zbog naru\u0161avanja dr\u017eavne granice Ruske Federacije.<\/p>\n<p>Ruska strana podsec\u0301a da je Ukrajina veoma dobro upoznata sa procedurom prolaska vojnih brodova kroz teritorijalne vode Ruske Federacije i kroz Ker\u010dki moreuz \u2013 ta procedura je kori\u0161c\u0301ena i prilikom prolaska komercijalnih brodova.<\/p>\n<p>Ruski mediji su ranije javili da je njihova avijacija podigla avione Su-25 kako bi patrolirali <a href=\"https:\/\/sr.wikipedia.org\/sr-el\/%D0%9A%D0%B5%D1%80%D1%87%D0%BA%D0%B8_%D0%BF%D1%80%D0%BE%D0%BB%D0%B0%D0%B7\">Ker\u010dskim moreuzom<\/a> zbog aktivnosti ukrajinske mornarice.<\/p>\n<p>Prethodno je saop\u0161teno da su brodovi ukrajinske ratne mornarice krenuli u pravcu Ker\u010dkog moreuza u oblasti provokacije koju je organizovala ukrajinska strana.<\/p>\n<p>To je za Sputnjik saop\u0161tila pres-slu\u017eba ruske Federalne slu\u017ebe bezbjednosti (FSB).<\/p>\n<p>Dodaje se i da FSB preduzima sve neophodne mjere kako bi sprije\u010dila bilo kakva neprijateljska dejstva i provokacije.<\/p>\n<p>Ker\u010dki moreuz povezuje Crno i Azovsko more i danas je zatvoren za prolaz civilnih brodova.<\/p>\n","protected":false},"excerpt":{"rendered":"<p>Rusija zarobila tri ukrajinska broda koji su nelegalno u\u0161li u njene teritorijalne vode i ranila trojicu mornara<\/p>\n","protected":false},"author":1,"featured_media":0,"comment_status":"open","ping_status":"closed","sticky":false,"template":"","format":"standard","meta":{"_seopress_robots_primary_cat":"","_seopress_titles_title":"","_seopress_titles_desc":"","_seopress_robots_index":"","_et_pb_use_builder":"","_et_pb_old_content":"","_et_gb_content_width":"","inline_featured_image":false,"footnotes":""},"categories":[14,12],"tags":[],"class_list":["post-257121","post","type-post","status-publish","format-standard","hentry","category-vijesti","category-prica-dana"],"_links":{"self":[{"href":"https:\/\/www.pcnen.com\/portal\/wp-json\/wp\/v2\/posts\/257121","targetHints":{"allow":["GET"]}}],"collection":[{"href":"https:\/\/www.pcnen.com\/portal\/wp-json\/wp\/v2\/posts"}],"about":[{"href":"https:\/\/www.pcnen.com\/portal\/wp-json\/wp\/v2\/types\/post"}],"author":[{"embeddable":true,"href":"https:\/\/www.pcnen.com\/portal\/wp-json\/wp\/v2\/users\/1"}],"replies":[{"embeddable":true,"href":"https:\/\/www.pcnen.com\/portal\/wp-json\/wp\/v2\/comments?post=257121"}],"version-history":[{"count":0,"href":"https:\/\/www.pcnen.com\/portal\/wp-json\/wp\/v2\/posts\/257121\/revisions"}],"wp:attachment":[{"href":"https:\/\/www.pcnen.com\/portal\/wp-json\/wp\/v2\/media?parent=257121"}],"wp:term":[{"taxonomy":"category","embeddable":true,"href":"https:\/\/www.pcnen.com\/portal\/wp-json\/wp\/v2\/categories?post=257121"},{"taxonomy":"post_tag","embeddable":true,"href":"https:\/\/www.pcnen.com\/portal\/wp-json\/wp\/v2\/tags?post=257121"}],"curies":[{"name":"wp","href":"https:\/\/api.w.org\/{rel}","templated":true}]}}