{"id":257113,"date":"2018-11-25T18:13:09","date_gmt":"2018-11-25T17:13:09","guid":{"rendered":"http:\/\/www.pcnen.com\/portal\/?p=257113"},"modified":"2021-11-06T12:13:19","modified_gmt":"2021-11-06T11:13:19","slug":"varufakis-njemacki-kandidat-za-ep","status":"publish","type":"post","link":"https:\/\/www.pcnen.com\/portal\/2018\/11\/25\/varufakis-njemacki-kandidat-za-ep\/","title":{"rendered":"Varufakis njema\u010dki kandidat za EP"},"content":{"rendered":"<p>Varufakisa je njegov panevropski <a href=\"https:\/\/diem25.org\/\">Pokret za demokratiju u Evropi 2025.<\/a> danas u Berlinu odabrao kao kandidata na izborima za Evropski parlament u maju sljede\u0107e godine.<\/p>\n<p>\u201cPrihvatam nominaciju, jer ona predstavlja trans-nacionalne politike koje su nam neophodne u Evropi\u201c, rekao je Varufakis poslije nominacije, predstavljaju\u0107i slogan \u201cEvropsko prolje\u0107e\u201c.<\/p>\n<p>On je prisutnima poru\u010dio da mu se pridru\u017ee na panevropskom putovanju ka demokratiji u Evropi i Njema\u010dkoj kao preduslov za prosperitet i autenti\u010dnu demokratiju.<\/p>\n<p>Varufakis je u februaru 2016. predstavio u Berlinu svoj panevropski Pokret za demokratiju u Evropi 2025 (Diem25), \u010diji je cilj, kako je tada istakao, demokratizacija kontinenta.<\/p>\n<p>Varufakis je javnosti postao poznat po izrazitom protivljenju mjerama \u0161tednje u Gr\u010dkoj, zbog \u010deka je i napustio vladu.<\/p>\n","protected":false},"excerpt":{"rendered":"<p>Biv\u0161i ministar finansija Gr\u010dke Janis Varufakis vra\u0107a se u politiku, ali preko Njema\u010dke, prenose online mediji.<\/p>\n","protected":false},"author":1,"featured_media":0,"comment_status":"open","ping_status":"closed","sticky":false,"template":"","format":"standard","meta":{"_seopress_robots_primary_cat":"","_seopress_titles_title":"","_seopress_titles_desc":"","_seopress_robots_index":"","_et_pb_use_builder":"","_et_pb_old_content":"","_et_gb_content_width":"","inline_featured_image":false,"footnotes":""},"categories":[14,12],"tags":[],"class_list":["post-257113","post","type-post","status-publish","format-standard","hentry","category-vijesti","category-prica-dana"],"_links":{"self":[{"href":"https:\/\/www.pcnen.com\/portal\/wp-json\/wp\/v2\/posts\/257113","targetHints":{"allow":["GET"]}}],"collection":[{"href":"https:\/\/www.pcnen.com\/portal\/wp-json\/wp\/v2\/posts"}],"about":[{"href":"https:\/\/www.pcnen.com\/portal\/wp-json\/wp\/v2\/types\/post"}],"author":[{"embeddable":true,"href":"https:\/\/www.pcnen.com\/portal\/wp-json\/wp\/v2\/users\/1"}],"replies":[{"embeddable":true,"href":"https:\/\/www.pcnen.com\/portal\/wp-json\/wp\/v2\/comments?post=257113"}],"version-history":[{"count":2,"href":"https:\/\/www.pcnen.com\/portal\/wp-json\/wp\/v2\/posts\/257113\/revisions"}],"predecessor-version":[{"id":331806,"href":"https:\/\/www.pcnen.com\/portal\/wp-json\/wp\/v2\/posts\/257113\/revisions\/331806"}],"wp:attachment":[{"href":"https:\/\/www.pcnen.com\/portal\/wp-json\/wp\/v2\/media?parent=257113"}],"wp:term":[{"taxonomy":"category","embeddable":true,"href":"https:\/\/www.pcnen.com\/portal\/wp-json\/wp\/v2\/categories?post=257113"},{"taxonomy":"post_tag","embeddable":true,"href":"https:\/\/www.pcnen.com\/portal\/wp-json\/wp\/v2\/tags?post=257113"}],"curies":[{"name":"wp","href":"https:\/\/api.w.org\/{rel}","templated":true}]}}