{"id":257101,"date":"2018-11-25T11:39:36","date_gmt":"2018-11-25T10:39:36","guid":{"rendered":"http:\/\/www.pcnen.com\/portal\/?p=257101"},"modified":"2018-11-25T11:48:14","modified_gmt":"2018-11-25T10:48:14","slug":"eu-odobrila-sporazum-o-bregzitu","status":"publish","type":"post","link":"https:\/\/www.pcnen.com\/portal\/2018\/11\/25\/eu-odobrila-sporazum-o-bregzitu\/","title":{"rendered":"EU odobrila sporazum o Bregzitu"},"content":{"rendered":"<p><img loading=\"lazy\" decoding=\"async\" class=\"alignleft size-medium wp-image-205203\" src=\"http:\/\/www.pcnen.com\/portal\/wp-content\/uploads\/2016\/05\/breksit-300x225.jpg\" alt=\"\" width=\"300\" height=\"225\" srcset=\"https:\/\/www.pcnen.com\/portal\/wp-content\/uploads\/2016\/05\/breksit.jpg 300w, https:\/\/www.pcnen.com\/portal\/wp-content\/uploads\/2016\/05\/breksit-235x176.jpg 235w, https:\/\/www.pcnen.com\/portal\/wp-content\/uploads\/2016\/05\/breksit-75x56.jpg 75w, https:\/\/www.pcnen.com\/portal\/wp-content\/uploads\/2016\/05\/breksit-220x165.jpg 220w\" sizes=\"(max-width: 300px) 100vw, 300px\" \/>Predsjednik Evropskog savjeta Donald Tusk je saop\u0161tio da su lideri 27 zemalja EU odobrili Sporazum o povla\u010denju Britanije iz EU i politi\u010dku Deklaraciju o budu\u0107im odnosima.<\/p>\n<p>Liderima 27 \u010dlanica EU je bilo potrebno manje od jednog sata da na sastanku u Briselu jednoglasno odobre postignuti Sporazum o Bregzitu, prenijele su agencije.<\/p>\n<p>Zvani\u010dnici EU su pred ovaj sastanak ocijenili da je u pitanju \u201ddobar sporazum sa, a ne protiv UK\u201d i pozvali britanski parlament da ga ratifikuje.<\/p>\n<p><strong>Junker: Ovo je tragedija<\/strong><\/p>\n<p>Predsjednik Evropske komisije \u017dan-Klod Junker je izjavio, po dolasku na samit na kojem je \u00a0usvojen nacrt sporazuma o Bregzitu, da je odlazak Velike Britanije iz \u010dlanstva u Uniji &#8220;tragedija&#8221;.<\/p>\n<p>&#8220;To je tu\u017ean dan&#8221;, rekao je Junker i dodao da napu\u0161tanje jedne zemlje kao \u0161to je Velika Britanija iz \u010dlanstva u EU nije &#8220;trenutak za slavlje, ve\u0107 tu\u017ean trenutak, to je tragedija&#8221;.<\/p>\n<p><strong>Mej napisala otvoreno pismo Britancima<\/strong><\/p>\n<p>Britanska premijerka Tereza Mej se obratila Britancima otvorenim pismom u kome je zatra\u017eila podr\u0161ku za dogovor o Bregzitu koji treba da bude potvr\u0111en.<\/p>\n<p>Ona je, kako prenose online medije, u pismu poru\u010dila da \u0107e voditi kampanju &#8220;i srcem i du\u0161om&#8221; kako bi dogovor o izlasku Britanije iz Evropske unije bio prihva\u0107en pred parlamentom u Londonu.<\/p>\n<p>&#8220;To \u0107e biti dogovor koji je u na\u0161em nacionalnom interesu &#8211; dogovor koji je za na\u0161u cijelu dr\u017eavu i cio na\u0161 narod, bez obzira da li ste glasali da ostanemo ili iza\u0111emo (iz EU)&#8221;, poru\u010dila je britanska premijerka.<\/p>\n","protected":false},"excerpt":{"rendered":"<p>Predsjednik Evropskog savjeta Donald Tusk je saop\u0161tio da su lideri 27 zemalja EU odobrili Sporazum o povla\u010denju Britanije iz EU i politi\u010dku Deklaraciju o budu\u0107im odnosima. Liderima 27 \u010dlanica EU je bilo potrebno manje od jednog sata da na sastanku u Briselu jednoglasno odobre postignuti Sporazum o Bregzitu, prenijele su agencije. Zvani\u010dnici EU su pred [&hellip;]<\/p>\n","protected":false},"author":1,"featured_media":205203,"comment_status":"open","ping_status":"closed","sticky":false,"template":"","format":"standard","meta":{"_seopress_robots_primary_cat":"","_seopress_titles_title":"","_seopress_titles_desc":"","_seopress_robots_index":"","_et_pb_use_builder":"","_et_pb_old_content":"","_et_gb_content_width":"","inline_featured_image":false,"footnotes":""},"categories":[14,12],"tags":[],"class_list":["post-257101","post","type-post","status-publish","format-standard","has-post-thumbnail","hentry","category-vijesti","category-prica-dana"],"_links":{"self":[{"href":"https:\/\/www.pcnen.com\/portal\/wp-json\/wp\/v2\/posts\/257101","targetHints":{"allow":["GET"]}}],"collection":[{"href":"https:\/\/www.pcnen.com\/portal\/wp-json\/wp\/v2\/posts"}],"about":[{"href":"https:\/\/www.pcnen.com\/portal\/wp-json\/wp\/v2\/types\/post"}],"author":[{"embeddable":true,"href":"https:\/\/www.pcnen.com\/portal\/wp-json\/wp\/v2\/users\/1"}],"replies":[{"embeddable":true,"href":"https:\/\/www.pcnen.com\/portal\/wp-json\/wp\/v2\/comments?post=257101"}],"version-history":[{"count":0,"href":"https:\/\/www.pcnen.com\/portal\/wp-json\/wp\/v2\/posts\/257101\/revisions"}],"wp:featuredmedia":[{"embeddable":true,"href":"https:\/\/www.pcnen.com\/portal\/wp-json\/wp\/v2\/media\/205203"}],"wp:attachment":[{"href":"https:\/\/www.pcnen.com\/portal\/wp-json\/wp\/v2\/media?parent=257101"}],"wp:term":[{"taxonomy":"category","embeddable":true,"href":"https:\/\/www.pcnen.com\/portal\/wp-json\/wp\/v2\/categories?post=257101"},{"taxonomy":"post_tag","embeddable":true,"href":"https:\/\/www.pcnen.com\/portal\/wp-json\/wp\/v2\/tags?post=257101"}],"curies":[{"name":"wp","href":"https:\/\/api.w.org\/{rel}","templated":true}]}}