{"id":257084,"date":"2018-11-25T05:12:00","date_gmt":"2018-11-25T04:12:00","guid":{"rendered":"http:\/\/www.pcnen.com\/portal\/?p=257084"},"modified":"2018-11-25T05:12:00","modified_gmt":"2018-11-25T04:12:00","slug":"nema-slobode-medija-u-zarobljenoj-drzavi","status":"publish","type":"post","link":"https:\/\/www.pcnen.com\/portal\/2018\/11\/25\/nema-slobode-medija-u-zarobljenoj-drzavi\/","title":{"rendered":"Nema slobode medija u zarobljenoj dr\u017eavi"},"content":{"rendered":"<p><strong>Pi\u0161e: Milojko Panti\u0107<\/strong><\/p>\n<p><img loading=\"lazy\" decoding=\"async\" class=\"alignleft size-medium wp-image-195172\" src=\"http:\/\/www.pcnen.com\/portal\/wp-content\/uploads\/2015\/12\/mediji_kontrola-300x192.jpeg\" alt=\"\" width=\"300\" height=\"192\" \/>Posle letnje pauze ispred Skup\u0161tine Srbije ponovo su osvanule one froncle od krpa sa imenima lica koja su ubijena ili nestala za vreme ratovanja sa U\u010cK na Kosovu kao i u toku NATO bombardovanja, koje organizatori iz Udru\u017eenja porodica nestalih besramno zovu zidom pla\u010da.<\/p>\n<p>Da ironija bude potpuna, organizatori su za \u201eletnju pauzu\u201c optu\u017eili studentske demonstracije u aprilu mesecu koje su navodno o\u0161tetile ovo, najbla\u017ee re\u010deno za \u017ertve uvredljivo obele\u017eje zato \u0161to svaki malo ja\u010di vetar obori i pocepa taj \u201ezid od hartije\u201c pa se slike i imena \u017ertava sramno vuku po trotoaru. Za njih je to verovatno vi\u0161a sila.<\/p>\n<p>Bilo kako bilo u novoj verziji \u201ezida pla\u010da\u201c i srpska Skup\u0161tina dobila je svoj prostor za spoljnopoliti\u010dke zidne novine. Parlament koji nikada na dnevnom redu nije imao raspravu o Kosovu i Republici Srpskoj, sada nam preko ovog novog medija poru\u010duje: \u201eAko Kosovo nije Srbija, ni Republika Srpska nije Bosna.\u201c<\/p>\n<p>Taj novi medij bi premijerki Brnabi\u0107 mogao da poslu\u017ei kao jo\u0161 jedan dokaz o potpunim medijskim slobodama u Srbiji. A ja premijerki mogu argumentovano dokazati da ne samo mediji nego nijedna oblast dru\u0161tvenog \u017eivota u Srbiji od nauke i obrazovanja do kulture i sporta nije slobodna.<\/p>\n<p>Jer srpska dr\u017eava je zarobljena dr\u017eava a srpsko dru\u0161tvo pocepano na froncle, kao one krpe ispred Skup\u0161tine. Dr\u017eavu su zarobili a dru\u0161tvo okupirali i pocepali politi\u010dki kvazinacionalisti, ekstremisti i nasilnici a zapravo pravi dr\u017eavni razbojnici koji sebe la\u017eno nazivaju politi\u010darima. Dr\u017eavni razbojnici su preko svog politi\u010dkog krila tzv. Srpske napredne stranke, gaze\u0107i Ustav, pravnim i fizi\u010dkim nasiljem okupirali i privatizovali sve dr\u017eavne i javne institucije, sva javna preduze\u0107a, sve slu\u017ebe dr\u017eavne i javne bezbednosti, sve medije, od onih sa nacionalnim prefiksom do lokalnih, sve kulturne ustanove i sve sportske organizacije. Kona\u010dno, mo\u017eda i najva\u017enije, zarobili su i privatizovali sve tokove dr\u017eavnog novca. Dr\u017eava Srbija je tako ostala bez svih atributa koje je \u010dine dr\u017eavom i postala puki izvr\u0161ilac volje jednog jedinog \u010doveka \u2013 vo\u0111e dr\u017eavnih razbojnika. Nije taj \u010dovek izmislio tabloidne medije, ali od njegovog dolaska na vlast Srbija se davi u tabloidnom glibu prostakluka, primitivizma, neznanja i nasilja. Tabloidi u vo\u0111ino ime hapse, tu\u017ee i presu\u0111uju. Novinarstvom se bavim ve\u0107 vi\u0161e od pola veka, obi\u0161ao sam celu planetu. Nikada i nigde nisam video da se neki politi\u010dar od jutra do pono\u0107i u\u017eivo obra\u0107a naciji preko svih elektronskih medija sa nacionalnom frekvencijom. Hvali sebe i svoje i komentari\u0161e bukvalno sve: od ubistva opskurne kafanske peva\u010dice, preko napisa na dru\u0161tvenim mre\u017eama, do Crvene zvezde i stanja na Kosovu. I to kojim jezikom? Evo pogledajte: \u201eOni koji me napadaju i ne vole, obi\u010dni su neradnici, olo\u0161 i bitange prve vrste.\u201c Da li je to vokabular ozbiljnog politi\u010dara i predsednika dr\u017eave? To je jezik huligana iz one rupe na Severu Zvezdinog stadiona, gde se po\u010detkom devedesetih godina i formirao njegov karakter u me\u0111unacionalnim tu\u010dama navija\u010da Zvezde i Dinama a pod komandom najve\u0107eg kriminalca Evrope toga doba \u2013 Arkana. Tako\u0111e i jezik njegovog u\u010ditelja, najve\u0107e srpsko-hrvatske kvazinacionalisti\u010dke hulje, knji\u0161ki obrazovanog moljca i pravosna\u017eno osu\u0111enog ratnog zlo\u010dinca Vojislava \u0160e\u0161elja. Jezik uli\u010dara, njegovih najbli\u017eih saradnika, ro\u0111aka i prijatelja koji se u skladu sa svojim la\u017enim diplomama i falsifikovanim doktoratima, la\u017eno predstavljaju kao politi\u010dari.<\/p>\n<p>Nevi\u0111enu popularnost stekao je kada je po dolasku na vlast nezakonito uhapsio i optu\u017eio Miroslava Mi\u0161kovi\u0107a za zloupotrebu polo\u017eaja u svojoj vlastitoj firmi. Najavio je to kao po\u010detak borbe protiv korupcije ali od tada tu re\u010d vi\u0161e nikada nije spomenuo. A i kako bi kad je stvorio najkoruptivniji sistem koji se mo\u017ee zamisliti. To je najo\u010diglednije na primeru medija. Privatna Televizija Pink, \u010diji vlasnik \u017deljko Mitrovi\u0107 i njegovi saradnici do umobolnosti veli\u010daju vo\u0111in lik i delo, dobija od dr\u017eave milione evra za sumanute rijaliti programe tipa Farme, Zadruge i sli\u010dno. A s druge strane ba\u0161 je ovih dana jedna druga apologetska televizija koja se na \u010distom srpskom jeziku zbog proklamovane borbe za \u0107irili\u010dno pismo zove Happy TV, na konkursu Ministarstva kulture i informisanja dobila dva miliona dinara, kako bi se \u201eoduzelo vreme\u201c za emitovanje rijaliti programa.<\/p>\n<p>Ili primer koji o slobodi medija govori vi\u0161e nego svi komentari na tu temu zajedno. Ovih dana je u Beogradu umro Boro Krivokapi\u0107, jedan od najboljih novinara ku\u0107e Politika svih vremena. Taj list nije objavio ni vest o smrti svog velikana.<\/p>\n<p>Sa izuzetkom nedeljnika Nedeljnik, NIN i Vreme, dnevnog lista Danas i kablovske Televizije N1, svi ostali mediji su u slu\u017ebi vo\u0111e tako da je Srbija pretvorena u jedan veliki teatar apsurda. Srpsko dru\u0161tvo me\u0111utim ne \u010deka Godoa, ve\u0107 zakon \u201eJus primae noctis\u201c. Samo to kraljevsko pravo prve bra\u010dne no\u0107i vo\u0111a nije jo\u0161 probao.<\/p>\n<p><a href=\"https:\/\/www.danas.rs\/dijalog\/licni-stavovi\/nema-slobode-medija-u-zarobljenoj-drzavi\/\" target=\"_blank\" rel=\"noopener\">Danas<\/a><\/p>\n","protected":false},"excerpt":{"rendered":"<p>Dr\u017eavu su zarobili a dru\u0161tvo okupirali i pocepali politi\u010dki kvazinacionalisti, ekstremisti i nasilnici a zapravo pravi dr\u017eavni razbojnici koji sebe la\u017eno nazivaju politi\u010darima<\/p>\n","protected":false},"author":1,"featured_media":0,"comment_status":"open","ping_status":"closed","sticky":false,"template":"","format":"standard","meta":{"_seopress_robots_primary_cat":"","_seopress_titles_title":"","_seopress_titles_desc":"","_seopress_robots_index":"","_et_pb_use_builder":"","_et_pb_old_content":"","_et_gb_content_width":"","inline_featured_image":false,"footnotes":""},"categories":[5],"tags":[],"class_list":["post-257084","post","type-post","status-publish","format-standard","hentry","category-drugi-pisu"],"_links":{"self":[{"href":"https:\/\/www.pcnen.com\/portal\/wp-json\/wp\/v2\/posts\/257084","targetHints":{"allow":["GET"]}}],"collection":[{"href":"https:\/\/www.pcnen.com\/portal\/wp-json\/wp\/v2\/posts"}],"about":[{"href":"https:\/\/www.pcnen.com\/portal\/wp-json\/wp\/v2\/types\/post"}],"author":[{"embeddable":true,"href":"https:\/\/www.pcnen.com\/portal\/wp-json\/wp\/v2\/users\/1"}],"replies":[{"embeddable":true,"href":"https:\/\/www.pcnen.com\/portal\/wp-json\/wp\/v2\/comments?post=257084"}],"version-history":[{"count":0,"href":"https:\/\/www.pcnen.com\/portal\/wp-json\/wp\/v2\/posts\/257084\/revisions"}],"wp:attachment":[{"href":"https:\/\/www.pcnen.com\/portal\/wp-json\/wp\/v2\/media?parent=257084"}],"wp:term":[{"taxonomy":"category","embeddable":true,"href":"https:\/\/www.pcnen.com\/portal\/wp-json\/wp\/v2\/categories?post=257084"},{"taxonomy":"post_tag","embeddable":true,"href":"https:\/\/www.pcnen.com\/portal\/wp-json\/wp\/v2\/tags?post=257084"}],"curies":[{"name":"wp","href":"https:\/\/api.w.org\/{rel}","templated":true}]}}