{"id":257072,"date":"2018-11-24T14:02:16","date_gmt":"2018-11-24T13:02:16","guid":{"rendered":"http:\/\/www.pcnen.com\/portal\/?p=257072"},"modified":"2018-11-24T15:06:40","modified_gmt":"2018-11-24T14:06:40","slug":"ombudsman-u-porastu-nasilje-nad-zenama","status":"publish","type":"post","link":"https:\/\/www.pcnen.com\/portal\/2018\/11\/24\/ombudsman-u-porastu-nasilje-nad-zenama\/","title":{"rendered":"Ombudsman: U porastu nasilje nad \u017eenama"},"content":{"rendered":"<p><img loading=\"lazy\" decoding=\"async\" src=\"http:\/\/www.pcnen.com\/portal\/wp-content\/uploads\/2011\/11\/nasilje-nad-zenama-300x180.jpg\" alt=\"\" width=\"300\" height=\"180\" class=\"alignleft size-medium wp-image-68142\" \/>Broj krivi\u010dnih, prekr\u0161ajnih i gra\u0111anskih predmeta ukazuje na porast slu\u010dajeva nasilja u porodici, saop\u0161tio je Za\u0161titnik ljudskih prava i sloboda Crne Gore \u0160u\u0107ko Bakovi\u0107, povodom 25. novembra, Me\u0111unarodnog dana borbe protiv nasilja nad \u017eenama.  <\/p>\n<p>U periodu od 01. januara do 30. juna 2018, registrovano je 120 krivi\u010dnih djela nasilje u porodici ili u porodi\u010dnoj zajednici i 13 krivi\u010dnih djela koja se dovode u vezu sa nasiljem u porodici. \u017drtve izvr\u0161enih krivi\u010dnih djela nasilja u porodici su 144 lica, 100 \u017eenskog i 44 mu\u0161kog pola, pi\u0161e u saop\u0161tenju.<\/p>\n<p>&#8220;Prema Izvje\u0161taju o radu sudova za prekr\u0161aje, za isti period sudovi su u radu imali 1.117 predmeta iz oblasti Zakona o za\u0161titi od nasilja u porodici. Zavr\u0161eno je 720 predmeta (64,46%), na na\u010din \u0161to je izre\u010deno: 241 nov\u010dana kazna; 85 kazni zatvora; 101 uslovna osuda; 53 opomene; pet vaspitnih mjera; u sedam predmeta je odba\u010den zahtjev; u 28 je obustavljen postupak; u 182 je donijeta osloba\u0111aju\u0107a odluka, dok je 18 predmeta rije\u0161eno na drugi na\u010din. Sudovi za prekr\u0161aje su izrekli 180 za\u0161titnih mjera&#8221;, saop\u0161tio je ombudsman.<\/p>\n<p>Ombudsman je saop\u0161tio da zanemarivanje i \u0107utanje ne smije zamijeniti gra\u0111ansku i pravnu obavezu gra\u0111ana da prijave nasilje nad \u017eenama i time sprije\u010de njegovo dalje razvijanje u nepovratni proces uni\u0161tavanja \u017ertve.<\/p>\n","protected":false},"excerpt":{"rendered":"<p>Broj krivi\u010dnih, prekr\u0161ajnih i gra\u0111anskih predmeta ukazuje na porast slu\u010dajeva nasilja u porodici, saop\u0161tio je Za\u0161titnik ljudskih prava i sloboda Crne Gore \u0160u\u0107ko Bakovi\u0107, povodom 25. novembra, Me\u0111unarodnog dana borbe protiv nasilja nad \u017eenama. U periodu od 01. januara do 30. juna 2018, registrovano je 120 krivi\u010dnih djela nasilje u porodici ili u porodi\u010dnoj zajednici [&hellip;]<\/p>\n","protected":false},"author":1,"featured_media":0,"comment_status":"open","ping_status":"closed","sticky":false,"template":"","format":"standard","meta":{"_seopress_robots_primary_cat":"","_seopress_titles_title":"","_seopress_titles_desc":"","_seopress_robots_index":"","_et_pb_use_builder":"","_et_pb_old_content":"","_et_gb_content_width":"","inline_featured_image":false,"footnotes":""},"categories":[14,12],"tags":[],"class_list":["post-257072","post","type-post","status-publish","format-standard","hentry","category-vijesti","category-prica-dana"],"_links":{"self":[{"href":"https:\/\/www.pcnen.com\/portal\/wp-json\/wp\/v2\/posts\/257072","targetHints":{"allow":["GET"]}}],"collection":[{"href":"https:\/\/www.pcnen.com\/portal\/wp-json\/wp\/v2\/posts"}],"about":[{"href":"https:\/\/www.pcnen.com\/portal\/wp-json\/wp\/v2\/types\/post"}],"author":[{"embeddable":true,"href":"https:\/\/www.pcnen.com\/portal\/wp-json\/wp\/v2\/users\/1"}],"replies":[{"embeddable":true,"href":"https:\/\/www.pcnen.com\/portal\/wp-json\/wp\/v2\/comments?post=257072"}],"version-history":[{"count":0,"href":"https:\/\/www.pcnen.com\/portal\/wp-json\/wp\/v2\/posts\/257072\/revisions"}],"wp:attachment":[{"href":"https:\/\/www.pcnen.com\/portal\/wp-json\/wp\/v2\/media?parent=257072"}],"wp:term":[{"taxonomy":"category","embeddable":true,"href":"https:\/\/www.pcnen.com\/portal\/wp-json\/wp\/v2\/categories?post=257072"},{"taxonomy":"post_tag","embeddable":true,"href":"https:\/\/www.pcnen.com\/portal\/wp-json\/wp\/v2\/tags?post=257072"}],"curies":[{"name":"wp","href":"https:\/\/api.w.org\/{rel}","templated":true}]}}