{"id":257027,"date":"2018-11-23T10:24:16","date_gmt":"2018-11-23T09:24:16","guid":{"rendered":"http:\/\/www.pcnen.com\/portal\/?p=257027"},"modified":"2018-11-23T10:24:16","modified_gmt":"2018-11-23T09:24:16","slug":"toranj-u-pizi-vraca-se-pod-pravi-ugao","status":"publish","type":"post","link":"https:\/\/www.pcnen.com\/portal\/2018\/11\/23\/toranj-u-pizi-vraca-se-pod-pravi-ugao\/","title":{"rendered":"Toranj u Pizi vra\u0107a se pod pravi ugao"},"content":{"rendered":"<p><img loading=\"lazy\" decoding=\"async\" class=\"alignleft size-medium wp-image-257028\" src=\"http:\/\/www.pcnen.com\/portal\/wp-content\/uploads\/2018\/11\/toranj-piza-300x207.jpg\" alt=\"\" width=\"300\" height=\"207\" \/>Krivi Toranj u Pizi je stabilan i polako se vra\u0107a pod pravi ugao, saop\u0161tila je grupa stru\u010dnjaka koja nadzire toranj i prati proces njegove restauracije, prenose online mediji.<\/p>\n<p>Srednjovekovni spomenik visok 57 metara je u poslednje dvije decenije ispravljen za \u010detiri centimetra, navode stru\u010dnjaci.<\/p>\n<p>Toranj je tokom devedesetih godina prvi put u 800 godina bio zatvoren za javnost, iz straha da bi mogao da se sru\u0161i. U to vrijeme je bio \u010detiri i po metra pomjeren od vertikalnog polo\u017eaja.<\/p>\n<p>Me\u0111unarodni komitet, koji je predvodio poljski profesor Mi\u0161el Jamiolovski, je radio na stabilizovanju tornja od 1993. do 2001. godine.<\/p>\n<p>Toranj je ispravljen za 45 centimetara, a to je ko\u0161talo skoro 226 miliona eura.<\/p>\n<p>Toranj je nakrivljen od samog po\u010detka, kada je po\u010dela izgradnja 1173. godine.<\/p>\n","protected":false},"excerpt":{"rendered":"<p>Krivi Toranj u Pizi je stabilan i polako se vra\u0107a pod pravi ugao, saop\u0161tila je grupa stru\u010dnjaka koja nadzire toranj i prati proces njegove restauracije, prenose online mediji. Srednjovekovni spomenik visok 57 metara je u poslednje dvije decenije ispravljen za \u010detiri centimetra, navode stru\u010dnjaci. Toranj je tokom devedesetih godina prvi put u 800 godina bio [&hellip;]<\/p>\n","protected":false},"author":1,"featured_media":0,"comment_status":"open","ping_status":"closed","sticky":false,"template":"","format":"standard","meta":{"_seopress_robots_primary_cat":"","_seopress_titles_title":"","_seopress_titles_desc":"","_seopress_robots_index":"","_et_pb_use_builder":"","_et_pb_old_content":"","_et_gb_content_width":"","inline_featured_image":false,"footnotes":""},"categories":[14,12],"tags":[],"class_list":["post-257027","post","type-post","status-publish","format-standard","hentry","category-vijesti","category-prica-dana"],"_links":{"self":[{"href":"https:\/\/www.pcnen.com\/portal\/wp-json\/wp\/v2\/posts\/257027","targetHints":{"allow":["GET"]}}],"collection":[{"href":"https:\/\/www.pcnen.com\/portal\/wp-json\/wp\/v2\/posts"}],"about":[{"href":"https:\/\/www.pcnen.com\/portal\/wp-json\/wp\/v2\/types\/post"}],"author":[{"embeddable":true,"href":"https:\/\/www.pcnen.com\/portal\/wp-json\/wp\/v2\/users\/1"}],"replies":[{"embeddable":true,"href":"https:\/\/www.pcnen.com\/portal\/wp-json\/wp\/v2\/comments?post=257027"}],"version-history":[{"count":0,"href":"https:\/\/www.pcnen.com\/portal\/wp-json\/wp\/v2\/posts\/257027\/revisions"}],"wp:attachment":[{"href":"https:\/\/www.pcnen.com\/portal\/wp-json\/wp\/v2\/media?parent=257027"}],"wp:term":[{"taxonomy":"category","embeddable":true,"href":"https:\/\/www.pcnen.com\/portal\/wp-json\/wp\/v2\/categories?post=257027"},{"taxonomy":"post_tag","embeddable":true,"href":"https:\/\/www.pcnen.com\/portal\/wp-json\/wp\/v2\/tags?post=257027"}],"curies":[{"name":"wp","href":"https:\/\/api.w.org\/{rel}","templated":true}]}}