{"id":257014,"date":"2018-11-23T08:53:44","date_gmt":"2018-11-23T07:53:44","guid":{"rendered":"http:\/\/www.pcnen.com\/portal\/?p=257014"},"modified":"2018-11-23T08:59:56","modified_gmt":"2018-11-23T07:59:56","slug":"rosu-hapsila-rano-jutros-u-kosovskoj-mitrovici","status":"publish","type":"post","link":"https:\/\/www.pcnen.com\/portal\/2018\/11\/23\/rosu-hapsila-rano-jutros-u-kosovskoj-mitrovici\/","title":{"rendered":"ROSU hapsila rano jutros u Kosovskoj Mitrovici"},"content":{"rendered":"<p>Pripadnici specijalne jedinice Kosovske policije ROSU su rano jutros u Kosovskoj Mitrovici uhapsili \u010detiri osobe \u2013 troje u vezi s istragom ubistva lidera kosovskih Srba Oliver Ivanovi\u0107a i \u010detvrtim koji se suprotstavio policijskim slu\u017ebenicima.<\/p>\n<p>Uhap\u0161eni su pripadnik Kosovske policije Dragi\u0161a Markovi\u0107, Sa\u0161a \u0106ur\u010di\u0107 i Marko Ro\u0161i\u0107, <a href=\"https:\/\/kossev.info\/kosovska-mitrovica-uhapseno-cetvoro-sirene-za-vazdusnu-opasnost-zavijale-duze-od-sat-vremena\/\">prenosi Kossev.<\/a><\/p>\n<p>Dragi\u0161a Markovi\u0107 je sa policajcem \u017d.J. priveden 10. februara, kako su tada prenijeli pri\u0161tinski mediji \u2013 pod sumnjom da su manipulisali dokazima u slu\u010daju ubistva Olivera Ivanovi\u0107a. Oni su se nalazili na mjestu ubistva neposredno nakon egzekucije. Na posao su vra\u0107eni 18. jula.<\/p>\n<p><iframe loading=\"lazy\" title=\"Uzbuna\" width=\"1080\" height=\"608\" src=\"https:\/\/www.youtube.com\/embed\/h7PImBQ3uDU?feature=oembed\" frameborder=\"0\" allow=\"accelerometer; autoplay; clipboard-write; encrypted-media; gyroscope; picture-in-picture; web-share\" allowfullscreen><\/iframe><\/p>\n<p>U Kosovskoj Mitrovici od jutros u 06.00 \u010dasova, sve do sedam minuta poslije 07:00 \u010dulo se neprekidno zavijanje sirene za vazdu\u0161nu opasnost \u0161to je probudilo gra\u0111ane i uznemirilo. Ne\u0161to posle \u0161est \u010dasova, u vi\u0161e navrata \u010dula se i pucnjava iz vatrenog oru\u017eja, kao i rafali iz centra grada.<\/p>\n<p>Gradona\u010delnik Kosovske Mitrovice Goran Raki\u0107 je izjavio za TV Prva da nema nikakve informacije u kom su pravcu odvedena trojica jutros uhap\u0161enih Srba, ali je naveo da su prilikom privo\u0111enja brutalno pretu\u010deni.<\/p>\n<p>Rakic\u0301 sumnja u verziju da su hap\u0161enja izvedene u vezi sa ubistvom Olivera Ivanovi\u0107a.<\/p>\n<p>\u201cDa se nisu povukli (pripadnici ROSU) na ulicama bi se vodio rat\u201c, rekao je Raki\u0107.<\/p>\n","protected":false},"excerpt":{"rendered":"<p>Tri osobe uhap\u0161ene u vezi s istragom ubistva lidera kosovskih Srba Oliver Ivanovi\u0107a <\/p>\n","protected":false},"author":1,"featured_media":0,"comment_status":"open","ping_status":"closed","sticky":false,"template":"","format":"standard","meta":{"_seopress_robots_primary_cat":"","_seopress_titles_title":"","_seopress_titles_desc":"","_seopress_robots_index":"","_et_pb_use_builder":"","_et_pb_old_content":"","_et_gb_content_width":"","inline_featured_image":false,"footnotes":""},"categories":[14,12],"tags":[],"class_list":["post-257014","post","type-post","status-publish","format-standard","hentry","category-vijesti","category-prica-dana"],"_links":{"self":[{"href":"https:\/\/www.pcnen.com\/portal\/wp-json\/wp\/v2\/posts\/257014","targetHints":{"allow":["GET"]}}],"collection":[{"href":"https:\/\/www.pcnen.com\/portal\/wp-json\/wp\/v2\/posts"}],"about":[{"href":"https:\/\/www.pcnen.com\/portal\/wp-json\/wp\/v2\/types\/post"}],"author":[{"embeddable":true,"href":"https:\/\/www.pcnen.com\/portal\/wp-json\/wp\/v2\/users\/1"}],"replies":[{"embeddable":true,"href":"https:\/\/www.pcnen.com\/portal\/wp-json\/wp\/v2\/comments?post=257014"}],"version-history":[{"count":0,"href":"https:\/\/www.pcnen.com\/portal\/wp-json\/wp\/v2\/posts\/257014\/revisions"}],"wp:attachment":[{"href":"https:\/\/www.pcnen.com\/portal\/wp-json\/wp\/v2\/media?parent=257014"}],"wp:term":[{"taxonomy":"category","embeddable":true,"href":"https:\/\/www.pcnen.com\/portal\/wp-json\/wp\/v2\/categories?post=257014"},{"taxonomy":"post_tag","embeddable":true,"href":"https:\/\/www.pcnen.com\/portal\/wp-json\/wp\/v2\/tags?post=257014"}],"curies":[{"name":"wp","href":"https:\/\/api.w.org\/{rel}","templated":true}]}}