{"id":257006,"date":"2018-11-23T06:35:53","date_gmt":"2018-11-23T05:35:53","guid":{"rendered":"http:\/\/www.pcnen.com\/portal\/?p=257006"},"modified":"2018-11-23T06:35:53","modified_gmt":"2018-11-23T05:35:53","slug":"hoce-li-srbiji-biti-bolje-bez-kosova-u-interpolu","status":"publish","type":"post","link":"https:\/\/www.pcnen.com\/portal\/2018\/11\/23\/hoce-li-srbiji-biti-bolje-bez-kosova-u-interpolu\/","title":{"rendered":"Ho\u0107e li Srbiji biti bolje bez Kosova u Interpolu?"},"content":{"rendered":"<p><strong>Pi\u0161e: Pavle Radi\u0107<\/strong><\/p>\n<p><img loading=\"lazy\" decoding=\"async\" class=\"alignleft size-medium wp-image-257007\" src=\"http:\/\/www.pcnen.com\/portal\/wp-content\/uploads\/2018\/11\/zamrseno-300x220.jpg\" alt=\"\" width=\"300\" height=\"220\" srcset=\"https:\/\/www.pcnen.com\/portal\/wp-content\/uploads\/2018\/11\/zamrseno.jpg 300w, https:\/\/www.pcnen.com\/portal\/wp-content\/uploads\/2018\/11\/zamrseno-235x172.jpg 235w, https:\/\/www.pcnen.com\/portal\/wp-content\/uploads\/2018\/11\/zamrseno-75x55.jpg 75w, https:\/\/www.pcnen.com\/portal\/wp-content\/uploads\/2018\/11\/zamrseno-220x161.jpg 220w, https:\/\/www.pcnen.com\/portal\/wp-content\/uploads\/2018\/11\/zamrseno-90x65.jpg 90w\" sizes=\"(max-width: 300px) 100vw, 300px\" \/>Kosovo nije primljeno u Interpol, slavodobitno bruji Srbijom. Egzaltacija vladaju\u0107eg re\u017eima i javnosti, zatrovane re\u017eimskim medijima, bezmalo je kao da je osvojeno svetsko prvenstvo u fudbalu. Ili kao kad su, Milo\u0161evi\u0107u upodobljene, JNA, paravojske i plja\u010dka\u0161ke bande ba\u0161 u ove dane, 1991. godine, \u201eoslobodile\u201c Vukovar, potom blokirale i razarale Sarajevo, \u201eoslobodile\u201c Srebrenicu i \u2013 kako je rodu slavodobitno poru\u010dio nacionalni heroj Mladi\u0107 \u2013 osvetile se Turcima.<\/p>\n<p>Glave\u0161ine vladaju\u0107eg re\u017eima i njihovi propagandisti neuspeh Kosova da postane \u010dlan Interpola propratili su morbidno da morbidnije ne mo\u017ee biti. Skandalozne su izjave Da\u010di\u0107a, Jak\u0161i\u0107a i drugih \u201cuglednika\u201d, te melodramsko glumatanje njihovog kapoa Vu\u010di\u0107a. Suicidnom crnilu u Srbiji izgleda nema kraja.<\/p>\n<p>Koliko god se ozbiljnim ljudima najnovija \u201cpobeda\u201d nad \u201cla\u017enom dr\u017eavom Kosovom\u201d \u010dinila kao jo\u0161 jedna demonstracija bede srpske politike li\u0161ene razuma i odgovornosti, koliko god im se trijumfalizam vlastodr\u017eaca i nacionalisti\u010dke javnosi \u010dinio beznade\u017enim po budu\u0107nost Srbije \u2013 nije se zapravo desilo ni\u0161ta neo\u010dekivano. Mitomanska kleronacionalisti\u010dka politika, ogrezla u plja\u010dkama i kriminalu, po ko zna koji put je Srbiji (a ne Kosovu, ranije Hrvatskoj, BiH, Crnoj Gori, Makedoniji) pucala u noge. Po ko zna koji put je izabrala mitomanske opsene umesti realnosti. Ovakvim milo\u0161evi\u0107evskim i amfilohijevskim \u201cpobedama\u201d Srbija se neumitno vra\u0107a u izolaciju, u status parije. Nastavi li tako (sa ovakvim \u201cpoliti\u010darima\u201d i \u201cpolitikama\u201d, sa ovakvom crkvom i dominiraju\u0107om intelektualnom \u201celitom\u201d, o\u010dekuje li iko trezven prosvetljenje i otre\u017enjenje?), razborite gra\u0111ane ne\u0107e iznenaditi brzo vra\u0107anje viza za putovanje u ure\u0111ene zemlje. Ni to da \u0107e Srbiji biti zamrznut put u EU; da \u0107e joj biti ako ne onemogu\u0107en, onda bitno ote\u017ean pristup evropskim fondovima; da \u0107e se smanjiti ionako male strane investicije; da \u0107e biti smanjene donacije zapadnih zemalja, koje se ovde ina\u010de ni blizu ne spominju koliko se servilno isti\u010de zahvalnost skoro nultoj pomo\u0107 Rusije. Demagoge na vlasti, u crkvi i po presti\u017enim nacionalnim institucijama to naravno ne interesuje. Jer zaboga, ima li i\u0161ta pre\u010de od odbrane otad\u017ebine (odnosno od privilegija i parazitiranja na teret gra\u0111ana)? O\u010dekivati razum i odgovornost od vladaju\u0107e politike, crkve i onog \u0161to se naziva nacionalnim elitama \u2013 \u010dast izuzecima \u2013 za misle\u0107e gra\u0111ane je iluzija. Ne i za veliku ve\u0107inu gra\u0111ana, revnosnih konzumenata Informera, Kurira, Alo, Ve\u010dernjih novosti, Politike, TV Pinka, TV Hepi i nacionalnih medijskih servisa. Pa smo tu gde smo \u2013 u bedi o\u010digledne poraze pretvaramo u pobede i ki\u010derski slavimo dok mladost i pamet be\u017ee iz Srbije glavom bez obzira.<\/p>\n<p>Ho\u0107e li Srbiji biti bolje bez Kosova u Interpolu? U sveop\u0161tem tre\u0161u u kojem \u017eivimo, u kojem se davimo, u kojem caruju kriminal i ogromne plja\u010dke \u2013 sem retkih izuzetaka, sem malobrojnih vapiju\u0107ih glasova u pustinji \u2013 ko uop\u0161te postavlja to pitanje? Kom\u0161iji je pred Interpolom crkla krava i kud ve\u0107e radosti makar mi skroz propali i skapali od gladi. Ne dodu\u0161e svi, vlastodr\u0161ci, njihovi propagandisti i korumpirani saslu\u017eitelji ipak jelda brinu o naciji i dr\u017eavi, pa dobijaju silne novce za to.<\/p>\n<p>Sa ovakvom politikom i kreaturama na vlasti, sa ovakvim nacionalnim pobedama od kojih se be\u017ei iz Srbije, mnogi odavno dre\u017ede pred narodnim kuhinjama. Ili prepu\u0161teni sami sebi, nemo\u0107no skapavaju od gladi i bezna\u0111a po sve opustelijoj Srbiji. A zima je tek pred nama.<\/p>\n<p><a href=\"http:\/\/www.autonomija.info\/pavle-radic-hoce-li-srbiji-biti-bolje-bez-kosova-u-interpolu.html\">Autonomija<\/a><\/p>\n","protected":false},"excerpt":{"rendered":"<p>Sa ovakvom politikom i kreaturama na vlasti, sa ovakvim nacionalnim pobedama od kojih se be\u017ei iz Srbije, mnogi odavno dre\u017ede pred narodnim kuhinjama<\/p>\n","protected":false},"author":1,"featured_media":257007,"comment_status":"open","ping_status":"closed","sticky":false,"template":"","format":"standard","meta":{"_seopress_robots_primary_cat":"","_seopress_titles_title":"","_seopress_titles_desc":"","_seopress_robots_index":"","_et_pb_use_builder":"","_et_pb_old_content":"","_et_gb_content_width":"","inline_featured_image":false,"footnotes":""},"categories":[5],"tags":[],"class_list":["post-257006","post","type-post","status-publish","format-standard","has-post-thumbnail","hentry","category-drugi-pisu"],"_links":{"self":[{"href":"https:\/\/www.pcnen.com\/portal\/wp-json\/wp\/v2\/posts\/257006","targetHints":{"allow":["GET"]}}],"collection":[{"href":"https:\/\/www.pcnen.com\/portal\/wp-json\/wp\/v2\/posts"}],"about":[{"href":"https:\/\/www.pcnen.com\/portal\/wp-json\/wp\/v2\/types\/post"}],"author":[{"embeddable":true,"href":"https:\/\/www.pcnen.com\/portal\/wp-json\/wp\/v2\/users\/1"}],"replies":[{"embeddable":true,"href":"https:\/\/www.pcnen.com\/portal\/wp-json\/wp\/v2\/comments?post=257006"}],"version-history":[{"count":0,"href":"https:\/\/www.pcnen.com\/portal\/wp-json\/wp\/v2\/posts\/257006\/revisions"}],"wp:featuredmedia":[{"embeddable":true,"href":"https:\/\/www.pcnen.com\/portal\/wp-json\/wp\/v2\/media\/257007"}],"wp:attachment":[{"href":"https:\/\/www.pcnen.com\/portal\/wp-json\/wp\/v2\/media?parent=257006"}],"wp:term":[{"taxonomy":"category","embeddable":true,"href":"https:\/\/www.pcnen.com\/portal\/wp-json\/wp\/v2\/categories?post=257006"},{"taxonomy":"post_tag","embeddable":true,"href":"https:\/\/www.pcnen.com\/portal\/wp-json\/wp\/v2\/tags?post=257006"}],"curies":[{"name":"wp","href":"https:\/\/api.w.org\/{rel}","templated":true}]}}