{"id":256990,"date":"2018-11-22T19:41:19","date_gmt":"2018-11-22T18:41:19","guid":{"rendered":"http:\/\/www.pcnen.com\/portal\/?p=256990"},"modified":"2018-11-22T19:59:18","modified_gmt":"2018-11-22T18:59:18","slug":"vlada-usvojila-odluku-o-ekonomskom-drzavljanstvu","status":"publish","type":"post","link":"https:\/\/www.pcnen.com\/portal\/2018\/11\/22\/vlada-usvojila-odluku-o-ekonomskom-drzavljanstvu\/","title":{"rendered":"Vlada usvojila odluku o ekonomskom dr\u017eavljanstvu"},"content":{"rendered":"<p><img loading=\"lazy\" decoding=\"async\" class=\"wp-image-172304 alignright\" src=\"http:\/\/www.pcnen.com\/portal\/wp-content\/uploads\/2015\/02\/ekonomsko-drzavljanstvo-300x259.jpg\" alt=\"\" width=\"195\" height=\"168\" \/>Vlada Crne Gore je dans donijela Odluku o kriterijumima, na\u010dinu i postupku izbora lica koje mo\u017ee ste\u0107i crnogorsko dr\u017eavljanstvo prijemom radi realizacije posebnog programa ulaganja od posebnog zna\u010daja za privredni i ekonomski interes Crne Gore kao razvojni model radi otvaranja novih radnih mjesta i podizanja standarda gra\u0111ana, zvani\u010dno je saop\u0161teno.<\/p>\n<p>\u201cOdluka Vlade donijeta je sa ciljem daljeg ubrzanja ekonomskog razvoja Crne Gore, sa ciljem privla\u010denja investicija koje \u0107e donijeti nove turisti\u010dke, poljoprivredne i prera\u0111iva\u010dke kapacitete i nova radna mjesta i u kona\u010dnom vi\u0161i kvalitet \u017eivota i \u017eivotni standard na\u0161ih gra\u0111ana\u201c, rekao je Milutin Simovi\u0107, potpredsjednik Vlade za ekonomsku politiku i finansijski sistem.<\/p>\n<p>EU je \u010ditavo vrijeme itzra\u017eavala rezervu prema ideji o ekonomskom dr\u017eavljanstvu, \u0161to je <a href=\"http:\/\/www.pcnen.com\/portal\/2018\/11\/19\/eu-ostala-rezervisana-prema-crnogorskom-programu-ekonomskog-drzavljanstva\/\">u\u010dinila i nedavno.<\/a><\/p>\n<p style=\"text-align: center;\">****<\/p>\n<blockquote><p>ODLUKA O KRITERIJUMIMA, NA\u010cINU I POSTUPKU IZBORA LICA KOJE MO\u017dE STE\u0106I CRNOGORSKO DR\u017dAVLJANSTVO PRIJEMOM RADI REALIZACIJE POSEBNOG PROGRAMA ULAGANJA OD POSEBNOG ZNA\u010cAJA ZA PRIVREDNI I EKONOMSKI INTERES CRNE GORE<\/p>\n<p>EKONOMSKI RAZVOJ<\/p>\n<p>&#8211; Ubrzanje ekonomskog razvoja<\/p>\n<p>&#8211; Privla\u010denje stranih investicija<\/p>\n<p>&#8211; Novi turisti\u010dki, poljoprivredni i prera\u0111iva\u010dki kapaciteti<\/p>\n<p>&#8211; Nova radna mjesta<\/p>\n<p>&#8211; Vi\u0161i kvalitet \u017eivota i \u017eivotni standard gra\u0111ana<\/p>\n<p>EKONOMSKO DR\u017dAVLJANSTVO<\/p>\n<p>&#8211; \u0161irom svijeta va\u017ean instrument, va\u017ena podr\u0161ka ukupnoj politici privla\u010denja stranih direktnih investicija<\/p>\n<p>RAZVOJ SJEVERA<\/p>\n<p>&#8211; Intenziviranje realizacije razvojnih projekata<\/p>\n<p>&#8211; Omogu\u0107avanje br\u017eeg razvoja manje razvijenih op\u0161tina<\/p>\n<p>DIVERZIFIKACIJA PRIVREDE<\/p>\n<p>Realizacija projekata iz oblasti:<\/p>\n<p>&#8211; Turizma<\/p>\n<p>&#8211; Poljoprivrede<\/p>\n<p>&#8211; Prera\u0111iva\u010dke industrije<\/p>\n<p>Odlu\u010dna realizacija razvojnih projekata na ukupnom podru\u010dju Crne Gore, i na SJEVERU i na JUGU<\/p>\n<p>U cilju razvoja, Vlada spremna, na kreiranje zahtjevnih programa, u skladu sa konkurentnim globalnim investicionim tr\u017ei\u0161tem.<\/p>\n<p>Realizacijom ovih ciljeva, pored na\u0161e klju\u010dne unutra\u0161nje potrebe \u2013 dinami\u010dnog ekonomskog razvoja, ujedno ispunjavamo i zahtjevne ekonomske kriterijume iz na\u0161e evropske agende.<\/p>\n<p>KLJU\u010cNE KARAKTERISTIKE PROGRAMA<\/p>\n<p>Program je osmi\u0161ljen da traje odre\u0111eno vrijeme.<\/p>\n<ul>\n<li>Program je ograni\u010den na dodjelu dr\u017eavljanstva CG po najvi\u0161e 2.000 zahtjeva.<\/li>\n<li>Novac dobijen na ovaj na\u010din bi\u0107e usmjeren isklju\u010divo u razvoj.<\/li>\n<li>U postupku je obezbije\u0111ena najve\u0107a mogu\u0107a transparentnost.<\/li>\n<\/ul>\n<p>PROCEDURA:<\/p>\n<p>Dr\u017eava bira posebne agente za posredovanje i za provjeru me\u0111unarodne podobnosti aplikanta i izdaje im godi\u0161nje licence. \u2022 Aplikant podnosi zahtjev posredstvom agenta koji je prethodno zaklju\u010dio ugovor sa dr\u017eavom Crnom Gorom<\/p>\n<p>KOJI SU RAZVOJNI PROJEKTI U KOJE SE ULA\u017dE?<\/p>\n<ol>\n<li>Hotel ili mje\u0161oviti turisti\u010dki kompleksi i to:<\/li>\n<\/ol>\n<p>Primorski region i Gl. grad Podgorica<br \/>\na) Sa min 5 zvjezdica<br \/>\nb) Najmanje 60 smje\u0161tajnih jedinica<br \/>\nc) Minimalna investicija 15.000.000 \u20ac<br \/>\nd) Min 80 novozaposlenih<\/p>\n<ol start=\"2\">\n<li>Sjeverni region i Centralni region (izuzev Gl. grada Podgorice)<br \/>\na) Sa min 4 zvjezdice<br \/>\nb) Najmanje 35 smje\u0161tajnih jedinica<br \/>\nc) Minimalna investicija 5.000.000 \u20ac<br \/>\nd) Min 25 novozaposlenih<\/li>\n<\/ol>\n<p>KRITERIJUMI ZA APLIKANTE<\/p>\n<ol>\n<li>Glavni grad Podgorica i Primorski region: 450.000 \u20ac<\/li>\n<li>Sjeverni region i Centralni region (izuzev Gl. grada Podgorice) 250.000 \u20ac<\/li>\n<li>Polog na ra\u010dun dr\u017eave min. 100.000 \u20ac namijenjenih razvoju manje razvijenih podru\u010dja<\/li>\n<li>Polog 15.000 \u20ac za aplikaciju za sebe, po 10.000 \u20ac za max \u010detiri \u010dlana porodice, i po 50.000 \u20ac za svakog narednog \u010dlana porodice<\/li>\n<\/ol>\n<\/blockquote>\n","protected":false},"excerpt":{"rendered":"<p>&#8220;Odluka Vlade donijeta je sa ciljem daljeg ubrzanja ekonomskog razvoja Crne Gore&#8230;&#8221;<\/p>\n","protected":false},"author":1,"featured_media":0,"comment_status":"open","ping_status":"closed","sticky":false,"template":"","format":"standard","meta":{"_seopress_robots_primary_cat":"","_seopress_titles_title":"","_seopress_titles_desc":"","_seopress_robots_index":"","_et_pb_use_builder":"","_et_pb_old_content":"","_et_gb_content_width":"","inline_featured_image":false,"footnotes":""},"categories":[14,12],"tags":[],"class_list":["post-256990","post","type-post","status-publish","format-standard","hentry","category-vijesti","category-prica-dana"],"_links":{"self":[{"href":"https:\/\/www.pcnen.com\/portal\/wp-json\/wp\/v2\/posts\/256990","targetHints":{"allow":["GET"]}}],"collection":[{"href":"https:\/\/www.pcnen.com\/portal\/wp-json\/wp\/v2\/posts"}],"about":[{"href":"https:\/\/www.pcnen.com\/portal\/wp-json\/wp\/v2\/types\/post"}],"author":[{"embeddable":true,"href":"https:\/\/www.pcnen.com\/portal\/wp-json\/wp\/v2\/users\/1"}],"replies":[{"embeddable":true,"href":"https:\/\/www.pcnen.com\/portal\/wp-json\/wp\/v2\/comments?post=256990"}],"version-history":[{"count":0,"href":"https:\/\/www.pcnen.com\/portal\/wp-json\/wp\/v2\/posts\/256990\/revisions"}],"wp:attachment":[{"href":"https:\/\/www.pcnen.com\/portal\/wp-json\/wp\/v2\/media?parent=256990"}],"wp:term":[{"taxonomy":"category","embeddable":true,"href":"https:\/\/www.pcnen.com\/portal\/wp-json\/wp\/v2\/categories?post=256990"},{"taxonomy":"post_tag","embeddable":true,"href":"https:\/\/www.pcnen.com\/portal\/wp-json\/wp\/v2\/tags?post=256990"}],"curies":[{"name":"wp","href":"https:\/\/api.w.org\/{rel}","templated":true}]}}