{"id":256959,"date":"2018-11-22T12:30:36","date_gmt":"2018-11-22T11:30:36","guid":{"rendered":"http:\/\/www.pcnen.com\/portal\/?p=256959"},"modified":"2019-10-09T23:12:10","modified_gmt":"2019-10-09T21:12:10","slug":"radnicka-majka","status":"publish","type":"post","link":"https:\/\/www.pcnen.com\/portal\/2018\/11\/22\/radnicka-majka\/","title":{"rendered":"Radni\u010dka majka"},"content":{"rendered":"<p>&#8220;Ja sam poznat kao radni\u010dka majka i izgradio sam pola Crne Gore\u201c \u2013 zavikao je svojevremeno Dragan Brkovi\u0107, jedan iz serije propalih \u201ebiznismena\u201c, koji je to postao zahvaljuju\u0107i kumstvu sa glavnim kumom Crne Gore.<\/p>\n<p>\u201eBiznismen\u201c Brkovi\u0107 je ovako napravio prvobitnu akumulaciju milionskog kapitala:<\/p>\n<p>Za vrijeme \u201enepravednih i ni\u010dim izazvanih sankcija\u201c \u2013 dok smo vodili ratove u kojim nikada nismo u\u010destvovali: krali, palili, silovali, plja\u010dkali, deportovali&#8230;, imali smo najve\u0107u hiperinflaciju ikad zabilje\u017eenu u svijetu. Ona je bila programirana, iznosila je nekoliko milijardi odsto mjese\u010dno, i bio je to jo\u0161 jedan vid plja\u010dke gra\u0111ana onesvije\u0161\u0107enih od patriotsko-ratnog zanosa. Tada je budu\u0107a radni\u010dka majka sa tada\u0161njom penzionerskom majkom, Mihajlom Banjevi\u0107em, stao u za\u0161titu penzijskog Fonda.<\/p>\n<p>Kako?<\/p>\n<p>Mihajl<img loading=\"lazy\" decoding=\"async\" class=\"alignleft size-medium wp-image-256960\" src=\"http:\/\/www.pcnen.com\/portal\/wp-content\/uploads\/2018\/11\/Vektra-300x211.jpg\" alt=\"\" width=\"300\" height=\"211\" \/>o Banjevi\u0107 je \u201e\u0161titio\u201c novac Fonda PIO na taj na\u010din \u0161to je davao \u201ekredit\u201c Brkovi\u0107u na rok do mjesec dana (do isplate penzija) po kamatnoj stopi od 100%. Brkovi\u0107 bi uzeo nekoliko miliona\/milijardi\/biliona tada\u0161njih dinara, zamijenio ih za 200000, 30000 ili 500000 njema\u010dkih maraka, i posle dvadesetak dana bi \u201edug\u201c sa kamatom vratio tako \u0161to bi \u201eusitnio\u201c par stotina maraka pretvoriv\u0161i ih u dinare. Njemu (da li samo njemu?) bi ostao onaj re\u0161to, dakle 200000, 300000 ili 500000 DM mjese\u010dno.<\/p>\n<p>O poslovima u i sa KAP-om i Glenkorom, ne\u0107u. To vam je, vjerujem, poznata pri\u010da.<\/p>\n<p>\u201eIzgradio sam pola Crne Gore\u201c \u2013 jedna je od izjava \u201ebiznismena\u201c Brkovi\u0107a.<\/p>\n<p>Evo i za to primjera:<\/p>\n<p>Svi znate za \u201e\u010duveni\u201c Trg Vektre. Jedna dr\u017eavna firma je avansno, prije nego je po\u010dela sama gradnja Trga Vektre kupila \u0161est stanova po cijeni od 2000 DM za kvadratni metar. U to vrijeme kvadrat useljive novogradnje na istoj lokaciji je prodavan za 800 DM po kvadratnam metru. Dakle, Brkovi\u0107u je pla\u0107ano dva ipo puta vi\u0161e, jo\u0161 avansno!<\/p>\n<p>Dobije\u0161 unaprijed novac, dva ipo puta vi\u0161e nego je tr\u017ei\u0161na vrijednost kvadrata, i sa tim novcem gradi\u0161 i \u201eizgra\u0111uje\u0161 pola Crne Gore\u201c. Tako rade i grade kumovi u Crnoj Gori.<\/p>\n<p>U navednom stilu \u201ebiznismen\u201c i kum Brkovi\u0107 je privativizovao Mora\u010datrans i Rumijatrans, Fabriku anoda u Podgorici, Velimir Jaki\u0107, Optel i Gra\u0111evinar u Pljevljima, Impregnaciju i Eksportdrvo u Kola\u0161inu, HTP Boka, MOC u Be\u010di\u0107ima, kompleks Jugoslovenskog rje\u010dnog brodarstva u Budvi&#8230; I sve \u0161to je privativizovao, strate\u0161ki, procvjetalo je. Kum nad kumovima je uvijek bio tu da mu, osim one skrivene da i javnu podr\u0161ku, optu\u017euju\u0107i one koji su ukazivali na Brkovi\u0107ev privredni kriminal za politikantsvo i nerazumijevanje biznisa.<\/p>\n<p>Ju\u010de medije javljaju da je u firmi radni\u010dke majke \u201cVektra nord\u201d uveden ste\u010daj.\u00a0 Za tridesetak radnika je, osim \u0161to su ostali bez posla i \u0161to im deceniju nije upla\u0107ivan doprinos za radni sta\u017e, \u201cmajka\u201d ostala du\u017enapo 36 plata.<\/p>\n<p>Ovakvu majku ni Sigurna \u017eenska ku\u0107a ne bi mogla odbraniti, ali kum mo\u017ee sve.<\/p>\n<p>Rekoh na po\u010detku teksta da je Brkovi\u0107 svoju prvobitnu akumulaciju kapitala stekao \u0161ticuju\u0107i devize sa Fond PIO dok je narod bio u patriotsko-ratnom zanosu. Od tada je pro\u0161lo skoro 30 godina a patriotske igre koje skre\u0107u pa\u017enju izbezumljenog \u00a0naroda ne prestaju.<\/p>\n<p><img loading=\"lazy\" decoding=\"async\" class=\"size-medium wp-image-256961 alignright\" src=\"http:\/\/www.pcnen.com\/portal\/wp-content\/uploads\/2018\/11\/Nkad-vi\u0161e-1918-300x211.jpg\" alt=\"\" width=\"300\" height=\"211\" srcset=\"https:\/\/www.pcnen.com\/portal\/wp-content\/uploads\/2018\/11\/Nkad-vi\u0161e-1918.jpg 300w, https:\/\/www.pcnen.com\/portal\/wp-content\/uploads\/2018\/11\/Nkad-vi\u0161e-1918-235x165.jpg 235w, https:\/\/www.pcnen.com\/portal\/wp-content\/uploads\/2018\/11\/Nkad-vi\u0161e-1918-75x53.jpg 75w, https:\/\/www.pcnen.com\/portal\/wp-content\/uploads\/2018\/11\/Nkad-vi\u0161e-1918-220x155.jpg 220w\" sizes=\"(max-width: 300px) 100vw, 300px\" \/>I dok afere susti\u017eu jednu drugu, dok npr. Skup\u0161tina no\u0161alantno i bez ikakvog otpora usvaja zakon da ni privatna svojina prakti\u010dno to vi\u0161e nije, patriotski se i uz zaglu\u0161uju\u0107u buku urla \u201cnikad vi\u0161e 1918-ta\u201d. Na to, \u201cjedina prava opozicija\u201d odgovara rezolucijom\u00a0 \u201cnikad vi\u0161e 1916-ta\u201d.<\/p>\n<p>Mi smo, u stvari, su\u0161tinski u 1917-oj a samo kalendarski u 2018-toj. Kad se ovaj \u201crat\u201d zavr\u0161i, adrenalin slegne, tek tada \u0107emo shvatiti da je sve opusto\u0161eno i uni\u0161teno, te da smo svoju ro\u0111enu i jo\u0161 nero\u0111enu djecu ostavili bez \u0161ansi i perspektive.<\/p>\n","protected":false},"excerpt":{"rendered":"<p>Pi\u0161e: Omer \u0160ARKI\u0106<\/p>\n","protected":false},"author":12,"featured_media":0,"comment_status":"open","ping_status":"closed","sticky":false,"template":"","format":"standard","meta":{"_seopress_robots_primary_cat":"","_seopress_titles_title":"","_seopress_titles_desc":"","_seopress_robots_index":"","_et_pb_use_builder":"","_et_pb_old_content":"","_et_gb_content_width":"","inline_featured_image":false,"footnotes":""},"categories":[17],"tags":[],"class_list":["post-256959","post","type-post","status-publish","format-standard","hentry","category-blogovi"],"_links":{"self":[{"href":"https:\/\/www.pcnen.com\/portal\/wp-json\/wp\/v2\/posts\/256959","targetHints":{"allow":["GET"]}}],"collection":[{"href":"https:\/\/www.pcnen.com\/portal\/wp-json\/wp\/v2\/posts"}],"about":[{"href":"https:\/\/www.pcnen.com\/portal\/wp-json\/wp\/v2\/types\/post"}],"author":[{"embeddable":true,"href":"https:\/\/www.pcnen.com\/portal\/wp-json\/wp\/v2\/users\/12"}],"replies":[{"embeddable":true,"href":"https:\/\/www.pcnen.com\/portal\/wp-json\/wp\/v2\/comments?post=256959"}],"version-history":[{"count":0,"href":"https:\/\/www.pcnen.com\/portal\/wp-json\/wp\/v2\/posts\/256959\/revisions"}],"wp:attachment":[{"href":"https:\/\/www.pcnen.com\/portal\/wp-json\/wp\/v2\/media?parent=256959"}],"wp:term":[{"taxonomy":"category","embeddable":true,"href":"https:\/\/www.pcnen.com\/portal\/wp-json\/wp\/v2\/categories?post=256959"},{"taxonomy":"post_tag","embeddable":true,"href":"https:\/\/www.pcnen.com\/portal\/wp-json\/wp\/v2\/tags?post=256959"}],"curies":[{"name":"wp","href":"https:\/\/api.w.org\/{rel}","templated":true}]}}