{"id":256957,"date":"2018-11-22T11:06:22","date_gmt":"2018-11-22T10:06:22","guid":{"rendered":"http:\/\/www.pcnen.com\/portal\/?p=256957"},"modified":"2018-11-22T12:46:57","modified_gmt":"2018-11-22T11:46:57","slug":"tuzi-usvojena-rezolucija-o-zastiti-cijevne","status":"publish","type":"post","link":"https:\/\/www.pcnen.com\/portal\/2018\/11\/22\/tuzi-usvojena-rezolucija-o-zastiti-cijevne\/","title":{"rendered":"Tuzi: Usvojena rezolucija o za\u0161titi Cijevne"},"content":{"rendered":"<p><img loading=\"lazy\" decoding=\"async\" src=\"http:\/\/www.pcnen.com\/portal\/wp-content\/uploads\/2018\/11\/cijevna-300x169.jpg\" alt=\"\" width=\"300\" height=\"169\" class=\"alignleft size-medium wp-image-256553\" \/>Odbornici u Skup\u0161tini Op\u0161tini Tuzi ju\u010de su jednoglasno podr\u017eali rezoluciju Demokratske unije Albanaca da se za\u0161titi rijeka Cijevna.<\/p>\n<p>Predstavnik predlaga\u010da Enis \u0110okaj ukazao je na to da rezolucija nema ni\u0161ta politi\u010dko, ve\u0107 da se ona odnosi samo na o\u010duvanje rijeke.<\/p>\n<p>\u201cSkup\u0161tina Glavnog grada je pro\u0161le godine proglasila kanjon rijeke Cijevne spomenikom prirode. Ova rijeka je od vitalnog zna\u010daja za snabdijevanje pitkom vodom velikog broja podru\u010dja poput Zatrijeb\u010da, Zatrijeba\u010dke Cijevne, Lofke i drugih. Zbog toga pozivam sve da podr\u017ee na\u0161 predlog\u201d, poru\u010dio je \u0110okaj.<\/p>\n<p>Odbornik DPS-a Halil Dukovi\u0107 saop\u0161tio je da Tuzi ne bi bile to \u0161to jesu da nema Cijevne.<\/p>\n<p>\u201cOna je ne\u0161to po \u010demu smo svi prepoznati. To je jedna od naj\u010distijih rijeka u Evropi. Ova rezolucija je apel prijateljeima u Albaniji da povedu ra\u010duna da je sa\u010duvamo. Crna Gora i Albanija su prijateljske dr\u017eave i ne sumnjam da \u0107e do\u0107i do rje\u0161enja da \u010duvaju rijeku. Isto je ovo apel i onima koji \u017eive blizu toka njenog da je sa\u010duvaju. Nadam se da \u0107e tako i biti\u201d, rekao je Dukovi\u0107prenosi RTCG.<\/p>\n<p>Na ju\u010dera\u0161njoj sjednici usvojena je i odluka o broju odbornika, pa \u0107e ih u Skup\u0161tini Op\u0161tini Tuzi biti 32.<\/p>\n","protected":false},"excerpt":{"rendered":"<p>Odbornici u Skup\u0161tini Op\u0161tini Tuzi ju\u010de su jednoglasno podr\u017eali rezoluciju Demokratske unije Albanaca da se za\u0161titi rijeka Cijevna. Predstavnik predlaga\u010da Enis \u0110okaj ukazao je na to da rezolucija nema ni\u0161ta politi\u010dko, ve\u0107 da se ona odnosi samo na o\u010duvanje rijeke. \u201cSkup\u0161tina Glavnog grada je pro\u0161le godine proglasila kanjon rijeke Cijevne spomenikom prirode. Ova rijeka je [&hellip;]<\/p>\n","protected":false},"author":1,"featured_media":0,"comment_status":"open","ping_status":"closed","sticky":false,"template":"","format":"standard","meta":{"_seopress_robots_primary_cat":"","_seopress_titles_title":"","_seopress_titles_desc":"","_seopress_robots_index":"","_et_pb_use_builder":"","_et_pb_old_content":"","_et_gb_content_width":"","inline_featured_image":false,"footnotes":""},"categories":[14,12],"tags":[],"class_list":["post-256957","post","type-post","status-publish","format-standard","hentry","category-vijesti","category-prica-dana"],"_links":{"self":[{"href":"https:\/\/www.pcnen.com\/portal\/wp-json\/wp\/v2\/posts\/256957","targetHints":{"allow":["GET"]}}],"collection":[{"href":"https:\/\/www.pcnen.com\/portal\/wp-json\/wp\/v2\/posts"}],"about":[{"href":"https:\/\/www.pcnen.com\/portal\/wp-json\/wp\/v2\/types\/post"}],"author":[{"embeddable":true,"href":"https:\/\/www.pcnen.com\/portal\/wp-json\/wp\/v2\/users\/1"}],"replies":[{"embeddable":true,"href":"https:\/\/www.pcnen.com\/portal\/wp-json\/wp\/v2\/comments?post=256957"}],"version-history":[{"count":0,"href":"https:\/\/www.pcnen.com\/portal\/wp-json\/wp\/v2\/posts\/256957\/revisions"}],"wp:attachment":[{"href":"https:\/\/www.pcnen.com\/portal\/wp-json\/wp\/v2\/media?parent=256957"}],"wp:term":[{"taxonomy":"category","embeddable":true,"href":"https:\/\/www.pcnen.com\/portal\/wp-json\/wp\/v2\/categories?post=256957"},{"taxonomy":"post_tag","embeddable":true,"href":"https:\/\/www.pcnen.com\/portal\/wp-json\/wp\/v2\/tags?post=256957"}],"curies":[{"name":"wp","href":"https:\/\/api.w.org\/{rel}","templated":true}]}}