{"id":256934,"date":"2018-11-21T20:43:16","date_gmt":"2018-11-21T19:43:16","guid":{"rendered":"http:\/\/www.pcnen.com\/portal\/?p=256934"},"modified":"2018-11-21T20:46:28","modified_gmt":"2018-11-21T19:46:28","slug":"promjenljivo-oblacno-sa-suncanim-intervalima-52","status":"publish","type":"post","link":"https:\/\/www.pcnen.com\/portal\/2018\/11\/21\/promjenljivo-oblacno-sa-suncanim-intervalima-52\/","title":{"rendered":"Promjenljivo obla\u010dno sa sun\u010danim intervalima"},"content":{"rendered":"<p><img loading=\"lazy\" decoding=\"async\" class=\"alignleft size-medium wp-image-195656\" src=\"http:\/\/www.pcnen.com\/portal\/wp-content\/uploads\/2015\/12\/magla-300x220.jpg\" alt=\"\" width=\"300\" height=\"220\" \/>U \u010detvrtak \u0107e u Crnoj Gori biti promjenljivo obla\u010dno sa sun\u010danim intervalima.<\/p>\n<p>Na krajnjem sjeveru zemlje \u0107e ve\u0107i dio dana biti niska obla\u010dnost ili magla.<\/p>\n<p>Na primorju \u0107e ponegdje biti mogu\u0107a kratkotrajno ki\u0161a.<\/p>\n<p>Vjetar promjenljivog smjera bi\u0107e slab do umjeren.<\/p>\n<p>Jutarnja temperatura vazduha bi\u0107e u rasponu od 0 do 12, a najvi\u0161a dnevna od 8 do 19 stepeni.<\/p>\n<p>U Podgorici \u0107e biti promjenljivo obla\u010dno sa sun\u010danim intervalima. Vjetar \u0107e uglavnom biti slab i promjenljiv. Jutarnja temperatura vazduha bi\u0107e oko 8, a najvi\u0161a dnevna do 16 stepeni.<\/p>\n<p><a href=\"http:\/\/www.meteo.co.me\/misc.php?text=121&amp;sektor=1&amp;grad=GUS\">Prognoza za ostale gradove.<\/a><\/p>\n","protected":false},"excerpt":{"rendered":"<p>Na primorju \u0107e ponegdje biti mogu\u0107a kratkotrajno ki\u0161a<\/p>\n","protected":false},"author":1,"featured_media":0,"comment_status":"open","ping_status":"closed","sticky":false,"template":"","format":"standard","meta":{"_seopress_robots_primary_cat":"","_seopress_titles_title":"","_seopress_titles_desc":"","_seopress_robots_index":"","_et_pb_use_builder":"","_et_pb_old_content":"","_et_gb_content_width":"","inline_featured_image":false,"footnotes":""},"categories":[14,12],"tags":[],"class_list":["post-256934","post","type-post","status-publish","format-standard","hentry","category-vijesti","category-prica-dana"],"_links":{"self":[{"href":"https:\/\/www.pcnen.com\/portal\/wp-json\/wp\/v2\/posts\/256934","targetHints":{"allow":["GET"]}}],"collection":[{"href":"https:\/\/www.pcnen.com\/portal\/wp-json\/wp\/v2\/posts"}],"about":[{"href":"https:\/\/www.pcnen.com\/portal\/wp-json\/wp\/v2\/types\/post"}],"author":[{"embeddable":true,"href":"https:\/\/www.pcnen.com\/portal\/wp-json\/wp\/v2\/users\/1"}],"replies":[{"embeddable":true,"href":"https:\/\/www.pcnen.com\/portal\/wp-json\/wp\/v2\/comments?post=256934"}],"version-history":[{"count":0,"href":"https:\/\/www.pcnen.com\/portal\/wp-json\/wp\/v2\/posts\/256934\/revisions"}],"wp:attachment":[{"href":"https:\/\/www.pcnen.com\/portal\/wp-json\/wp\/v2\/media?parent=256934"}],"wp:term":[{"taxonomy":"category","embeddable":true,"href":"https:\/\/www.pcnen.com\/portal\/wp-json\/wp\/v2\/categories?post=256934"},{"taxonomy":"post_tag","embeddable":true,"href":"https:\/\/www.pcnen.com\/portal\/wp-json\/wp\/v2\/tags?post=256934"}],"curies":[{"name":"wp","href":"https:\/\/api.w.org\/{rel}","templated":true}]}}