{"id":256928,"date":"2018-11-21T19:41:07","date_gmt":"2018-11-21T18:41:07","guid":{"rendered":"http:\/\/www.pcnen.com\/portal\/?p=256928"},"modified":"2018-11-21T20:02:01","modified_gmt":"2018-11-21T19:02:01","slug":"kosovo-povecalo-taksu-na-uvoz-proizvoda-iz-srbije-sa-10-na-100-odsto","status":"publish","type":"post","link":"https:\/\/www.pcnen.com\/portal\/2018\/11\/21\/kosovo-povecalo-taksu-na-uvoz-proizvoda-iz-srbije-sa-10-na-100-odsto\/","title":{"rendered":"Kosovo pove\u0107alo taksu na uvoz proizvoda iz Srbije sa 10 na 100 odsto"},"content":{"rendered":"<p><img loading=\"lazy\" decoding=\"async\" src=\"http:\/\/www.pcnen.com\/portal\/wp-content\/uploads\/2016\/07\/kosovo-srbija-granica-300x212.jpg\" alt=\"\" width=\"300\" height=\"212\" class=\"alignleft size-medium wp-image-209684\" \/>Vlada Kosova je usvojila danas, na predlog ministra trgovine i industrije Endrita \u0160alje, odluku o pove\u0107anju takse za uvoz robe iz Srbije sa 10 na 100 odsto.<\/p>\n<p>Portal koha.net je prenio da je \u0160aljin predlog podr\u017eao je kosovski premijer Ramu\u0161 Haradinaj i da je Vlada Kosova odluku usvojila ve\u0107inom glasova.<\/p>\n<p>U obrazlo\u017eenju predloga odluke o pove\u0107anju taksi na 100 odsto, ministar trgovine i industrije Kosova je rekao da je imao u vidu analize odjeljenja za trgovinu u tom resoru.<\/p>\n<p>&#8220;Kosovski proizvo\u0111a\u010di se susre\u0107u sa razli\u010ditim netarifnim barijerama od strane Srbije tako da kosovski proizvodi ne mogu da u\u0111u na srpsko tr\u017ei\u0161te. Srpske vlasti ne priznaju analize kosovskih proizvo\u0111a\u010da i zahtijevaju ponovnu procjenu kosovskih proizvoda. I pitanje tranzita i dalje ostaje ozbiljna smetnja za kosovske kompanije dok uvoze ili izvoze u zemlje EU i prolaze kroz teritoriju Srbije&#8221;, kazao je \u0160alja, prenosi Beta.<\/p>\n<p>On je naveo i da i BiH ima iste trgovinske barijere prema Kosovu kao i Srbija.<\/p>\n<p>&#8220;Trgovinska razmena izme\u0111u Kosova i BiH jasno pokazuje da se pove\u0107ava uvoz u odnosu na izvoz kosovskih roba. Istovremeno kosovske kompanije ne mogu da budu dio ponuda u javnim ponudama u Srbiji. Sa druge strane ima preko sto javnih ponuda koje su kompanije iz Srbije dobile na Kosovu&#8221;, rekao je ministar.<\/p>\n<p>\u0160alja je dodao da &#8220;niko ne mo\u017ee zahtijevati da prodaje svoje proizvode na kosovskom tr\u017ei\u0161tu a da zabrani prodaju kosovskih proizvoda na svom tr\u017ei\u0161tu&#8221;.<\/p>\n<p>&#8220;To je recipro\u010dan odnos koje mi zahtijevamo. Upravo polaze\u0107i od toga, tra\u017eim da prihvatite predlog koji ste dobili&#8221;, kazao je \u0160alja.<\/p>\n<p>Vlada Kosova je <a href=\"http:\/\/www.pcnen.com\/portal\/2018\/11\/06\/vlada-kosova-uvela-takse-od-10-posto-na-uvoz-iz-srbije-i-bih\/\">prije dvije nedjelje uvela taksu od 10 <\/a>odsto za proizvode iz Srbije i BiH koji se uvoze na Kosovo.<\/p>\n<p>Vlade Srbije i BiH osudile su tu odluku o pove\u0107anju taksi, dok je Evropska unija zatra\u017eila po\u0161tovanje sporazuma CEFTA. Predsjednik Srbije Aleksandar Vu\u0107i je rekao da nema nastavka dijaloga Beograda i Pri\u0161tine dok kosovske vlasti ne povuku odluku o taksama.<\/p>\n","protected":false},"excerpt":{"rendered":"<p>Vlada Kosova je usvojila danas, na predlog ministra trgovine i industrije Endrita \u0160alje, odluku o pove\u0107anju takse za uvoz robe iz Srbije sa 10 na 100 odsto. Portal koha.net je prenio da je \u0160aljin predlog podr\u017eao je kosovski premijer Ramu\u0161 Haradinaj i da je Vlada Kosova odluku usvojila ve\u0107inom glasova. U obrazlo\u017eenju predloga odluke o [&hellip;]<\/p>\n","protected":false},"author":1,"featured_media":0,"comment_status":"open","ping_status":"closed","sticky":false,"template":"","format":"standard","meta":{"_seopress_robots_primary_cat":"","_seopress_titles_title":"","_seopress_titles_desc":"","_seopress_robots_index":"","_et_pb_use_builder":"","_et_pb_old_content":"","_et_gb_content_width":"","inline_featured_image":false,"footnotes":""},"categories":[14,12],"tags":[],"class_list":["post-256928","post","type-post","status-publish","format-standard","hentry","category-vijesti","category-prica-dana"],"_links":{"self":[{"href":"https:\/\/www.pcnen.com\/portal\/wp-json\/wp\/v2\/posts\/256928","targetHints":{"allow":["GET"]}}],"collection":[{"href":"https:\/\/www.pcnen.com\/portal\/wp-json\/wp\/v2\/posts"}],"about":[{"href":"https:\/\/www.pcnen.com\/portal\/wp-json\/wp\/v2\/types\/post"}],"author":[{"embeddable":true,"href":"https:\/\/www.pcnen.com\/portal\/wp-json\/wp\/v2\/users\/1"}],"replies":[{"embeddable":true,"href":"https:\/\/www.pcnen.com\/portal\/wp-json\/wp\/v2\/comments?post=256928"}],"version-history":[{"count":0,"href":"https:\/\/www.pcnen.com\/portal\/wp-json\/wp\/v2\/posts\/256928\/revisions"}],"wp:attachment":[{"href":"https:\/\/www.pcnen.com\/portal\/wp-json\/wp\/v2\/media?parent=256928"}],"wp:term":[{"taxonomy":"category","embeddable":true,"href":"https:\/\/www.pcnen.com\/portal\/wp-json\/wp\/v2\/categories?post=256928"},{"taxonomy":"post_tag","embeddable":true,"href":"https:\/\/www.pcnen.com\/portal\/wp-json\/wp\/v2\/tags?post=256928"}],"curies":[{"name":"wp","href":"https:\/\/api.w.org\/{rel}","templated":true}]}}