{"id":256897,"date":"2018-11-21T09:48:17","date_gmt":"2018-11-21T08:48:17","guid":{"rendered":"http:\/\/www.pcnen.com\/portal\/?p=256897"},"modified":"2018-11-21T09:48:17","modified_gmt":"2018-11-21T08:48:17","slug":"eu-zeli-da-bolje-zastiti-uzbunjivace","status":"publish","type":"post","link":"https:\/\/www.pcnen.com\/portal\/2018\/11\/21\/eu-zeli-da-bolje-zastiti-uzbunjivace\/","title":{"rendered":"EU \u017eeli da bolje za\u0161titi uzbunjiva\u010de"},"content":{"rendered":"<p><img loading=\"lazy\" decoding=\"async\" class=\"alignleft size-full wp-image-182082\" src=\"http:\/\/www.pcnen.com\/portal\/wp-content\/uploads\/2015\/06\/zvizdaljka.jpg\" alt=\"\" width=\"182\" height=\"192\" \/>Odbor za pravne poslove Evropskog parlamenta je ju\u010de usvojio nacrt zakona o za\u0161titi uzbunjiva\u010da, uspostavljanju bezbjednog mehanizma za prijavljivanje prekr\u0161aja i mjerama protiv odmazde.<\/p>\n<p>Trenutno je za\u0161tita uzbunjiva\u010da u EU neujedna\u010dena a potencijalna \u0161teta je velika.<\/p>\n<p>Usvojenim nacrtom garantuje se da uzbunjva\u010di u EU mogu da prijavljuju kr\u0161enje zakona u oblastima izbjegavanja poreza, korupcije, za\u0161tite \u017eivotne sredine i javnog zdravlja i bezbjednosti bez straha od odmazde ili zastra\u0161ivanja, saop\u0161tio je Evropski parlament, prenosi <a href=\"http:\/\/www.euractiv.rs\/eu-prioriteti\/13261-zatita-uzbunjivaa-u-eu-bie-jaa\">euractiv.rs.<\/a><\/p>\n<p>Evrposlanici iz Odbora za pravne poslove su se slo\u017eili da iste mjere za\u0161tite moraju da va\u017ee i za one koji poma\u017eu uzbunjiva\u010dima, npr. novinari.<\/p>\n","protected":false},"excerpt":{"rendered":"<p>Trenutno je za\u0161tita uzbunjiva\u010da u EU neujedna\u010dena a potencijalna \u0161teta je velika<\/p>\n","protected":false},"author":1,"featured_media":0,"comment_status":"open","ping_status":"closed","sticky":false,"template":"","format":"standard","meta":{"_seopress_robots_primary_cat":"","_seopress_titles_title":"","_seopress_titles_desc":"","_seopress_robots_index":"","_et_pb_use_builder":"","_et_pb_old_content":"","_et_gb_content_width":"","inline_featured_image":false,"footnotes":""},"categories":[14,12],"tags":[],"class_list":["post-256897","post","type-post","status-publish","format-standard","hentry","category-vijesti","category-prica-dana"],"_links":{"self":[{"href":"https:\/\/www.pcnen.com\/portal\/wp-json\/wp\/v2\/posts\/256897","targetHints":{"allow":["GET"]}}],"collection":[{"href":"https:\/\/www.pcnen.com\/portal\/wp-json\/wp\/v2\/posts"}],"about":[{"href":"https:\/\/www.pcnen.com\/portal\/wp-json\/wp\/v2\/types\/post"}],"author":[{"embeddable":true,"href":"https:\/\/www.pcnen.com\/portal\/wp-json\/wp\/v2\/users\/1"}],"replies":[{"embeddable":true,"href":"https:\/\/www.pcnen.com\/portal\/wp-json\/wp\/v2\/comments?post=256897"}],"version-history":[{"count":0,"href":"https:\/\/www.pcnen.com\/portal\/wp-json\/wp\/v2\/posts\/256897\/revisions"}],"wp:attachment":[{"href":"https:\/\/www.pcnen.com\/portal\/wp-json\/wp\/v2\/media?parent=256897"}],"wp:term":[{"taxonomy":"category","embeddable":true,"href":"https:\/\/www.pcnen.com\/portal\/wp-json\/wp\/v2\/categories?post=256897"},{"taxonomy":"post_tag","embeddable":true,"href":"https:\/\/www.pcnen.com\/portal\/wp-json\/wp\/v2\/tags?post=256897"}],"curies":[{"name":"wp","href":"https:\/\/api.w.org\/{rel}","templated":true}]}}