{"id":256874,"date":"2018-11-20T19:45:35","date_gmt":"2018-11-20T18:45:35","guid":{"rendered":"http:\/\/www.pcnen.com\/portal\/?p=256874"},"modified":"2018-11-20T19:46:09","modified_gmt":"2018-11-20T18:46:09","slug":"kisa-ce-prestati-poslije-podne","status":"publish","type":"post","link":"https:\/\/www.pcnen.com\/portal\/2018\/11\/20\/kisa-ce-prestati-poslije-podne\/","title":{"rendered":"Ki\u0161a \u0107e prestati poslije podne"},"content":{"rendered":"<p><img loading=\"lazy\" decoding=\"async\" class=\"alignleft size-medium wp-image-222031\" src=\"http:\/\/www.pcnen.com\/portal\/wp-content\/uploads\/2017\/02\/pretezeno-oblacno-300x173.jpg\" alt=\"\" width=\"300\" height=\"173\" \/>U srijedu \u0107e biti prete\u017eno obla\u010dno, sa ki\u0161om povremeno, Uglavnom u ju\u017enim krajevima Crne Gore bi\u0107e mogu\u0107 i pljusak pra\u0107en grmljavinom.<\/p>\n<p>Metereolozi najavljuju postepen prestanak padavina u drugom dijelu dana.<\/p>\n<p>Vjetar promjenljivog smjera bi\u0107e slab do umjeren.<\/p>\n<p>Jutarnja temperatura vazduha bi\u0107e u rasponu od 4 do 14, a najvi\u0161a dnevna od 5 do 19 stepeni.<\/p>\n<p>U Podgorici \u0107e biti umjereno do potpuno obla\u010dno, povremeno sa ki\u0161om. Bi\u0107e mogu\u0107 i kratkotrajan pljusak i grmljavina. Ki\u0161a \u0107e popodne prestati. Promjenljiv vjetar bi\u0107e slab do umjeren. Jutarnja temperatura vazduha bi\u0107e oko 13, a najvi\u0161a dnevna oko 16 stepeni.<\/p>\n<p><a href=\"http:\/\/www.meteo.co.me\/misc.php?text=121&amp;sektor=1&amp;grad=HER\">Prognoza za ostale gradove.<\/a><\/p>\n","protected":false},"excerpt":{"rendered":"<p>Jutarnja temperatura bi\u0107e u rasponu od 4 do 14, a najvi\u0161a dnevna od 5 do 19 stepeni<\/p>\n","protected":false},"author":1,"featured_media":0,"comment_status":"open","ping_status":"closed","sticky":false,"template":"","format":"standard","meta":{"_seopress_robots_primary_cat":"","_seopress_titles_title":"","_seopress_titles_desc":"","_seopress_robots_index":"","_et_pb_use_builder":"","_et_pb_old_content":"","_et_gb_content_width":"","inline_featured_image":false,"footnotes":""},"categories":[14,12],"tags":[],"class_list":["post-256874","post","type-post","status-publish","format-standard","hentry","category-vijesti","category-prica-dana"],"_links":{"self":[{"href":"https:\/\/www.pcnen.com\/portal\/wp-json\/wp\/v2\/posts\/256874","targetHints":{"allow":["GET"]}}],"collection":[{"href":"https:\/\/www.pcnen.com\/portal\/wp-json\/wp\/v2\/posts"}],"about":[{"href":"https:\/\/www.pcnen.com\/portal\/wp-json\/wp\/v2\/types\/post"}],"author":[{"embeddable":true,"href":"https:\/\/www.pcnen.com\/portal\/wp-json\/wp\/v2\/users\/1"}],"replies":[{"embeddable":true,"href":"https:\/\/www.pcnen.com\/portal\/wp-json\/wp\/v2\/comments?post=256874"}],"version-history":[{"count":0,"href":"https:\/\/www.pcnen.com\/portal\/wp-json\/wp\/v2\/posts\/256874\/revisions"}],"wp:attachment":[{"href":"https:\/\/www.pcnen.com\/portal\/wp-json\/wp\/v2\/media?parent=256874"}],"wp:term":[{"taxonomy":"category","embeddable":true,"href":"https:\/\/www.pcnen.com\/portal\/wp-json\/wp\/v2\/categories?post=256874"},{"taxonomy":"post_tag","embeddable":true,"href":"https:\/\/www.pcnen.com\/portal\/wp-json\/wp\/v2\/tags?post=256874"}],"curies":[{"name":"wp","href":"https:\/\/api.w.org\/{rel}","templated":true}]}}