{"id":256864,"date":"2018-11-20T15:59:40","date_gmt":"2018-11-20T14:59:40","guid":{"rendered":"http:\/\/www.pcnen.com\/portal\/?p=256864"},"modified":"2018-11-20T16:50:28","modified_gmt":"2018-11-20T15:50:28","slug":"cg-male-hidrocentrale-suprotne-konvencijama-i-pravu-eu","status":"publish","type":"post","link":"https:\/\/www.pcnen.com\/portal\/2018\/11\/20\/cg-male-hidrocentrale-suprotne-konvencijama-i-pravu-eu\/","title":{"rendered":"CG male hidrocentrale suprotne konvencijama i pravu EU"},"content":{"rendered":"<p><div id=\"attachment_249559\" style=\"width: 310px\" class=\"wp-caption alignleft\"><img loading=\"lazy\" decoding=\"async\" aria-describedby=\"caption-attachment-249559\" src=\"http:\/\/www.pcnen.com\/portal\/wp-content\/uploads\/2018\/07\/Mini-hidrocentrala-tamo-gde-joj-mesto-nije-u-NP-Prokletije-300x200.jpg\" alt=\"\" width=\"300\" height=\"200\" class=\"size-medium wp-image-249559\" \/><p id=\"caption-attachment-249559\" class=\"wp-caption-text\">Mini hidrocentrala tamo gdje joj mjesto nije &#8211; u NP Prokletije\/Foto: zelena patrola<\/p><\/div>Mnogi od 80 hidroenergetskih projekata za koje su crnogorske institucije dale dozvole nijesu u skladu sa me\u0111unarodnim konvencijama ili zakonodavstvom Evropske unije, pa je neophodno da ti projekti budu revidirani, ocjenjuje se u predlogu rezolucije Evropskog parlamenta o Crnoj Gori u dijelu koji se ti\u010de za\u0161tite \u017eivotne sredine.<\/p>\n<p>Rasprava o tom dokumentu u EP je zakazana za 28. novembar, dok bi evropski poslanici o njemu trebalo da glasaju dan kasnije, objavio je <a href=\"http:\/\/www.vijesti.me\/vijesti\/crnogorske-male-hidrocentrale-suprotne-konvencijama-i-pravu-eu-1013252\">portal Vijesti.<\/a> <\/p>\n<p>U dokumentu se, pored ostalog, navodi da bi dr\u017eava Crna Gora morala da bolje \u0161titi najvrednija podru\u010dja, posebno biolo\u0161ku raznolikost.<\/p>\n","protected":false},"excerpt":{"rendered":"<p>Mnogi od 80 hidroenergetskih projekata za koje su crnogorske institucije dale dozvole nijesu u skladu sa me\u0111unarodnim konvencijama ili zakonodavstvom Evropske unije, pa je neophodno da ti projekti budu revidirani, ocjenjuje se u predlogu rezolucije Evropskog parlamenta o Crnoj Gori u dijelu koji se ti\u010de za\u0161tite \u017eivotne sredine. Rasprava o tom dokumentu u EP je [&hellip;]<\/p>\n","protected":false},"author":1,"featured_media":0,"comment_status":"open","ping_status":"closed","sticky":false,"template":"","format":"standard","meta":{"_seopress_robots_primary_cat":"","_seopress_titles_title":"","_seopress_titles_desc":"","_seopress_robots_index":"","_et_pb_use_builder":"","_et_pb_old_content":"","_et_gb_content_width":"","inline_featured_image":false,"footnotes":""},"categories":[14,12],"tags":[],"class_list":["post-256864","post","type-post","status-publish","format-standard","hentry","category-vijesti","category-prica-dana"],"_links":{"self":[{"href":"https:\/\/www.pcnen.com\/portal\/wp-json\/wp\/v2\/posts\/256864","targetHints":{"allow":["GET"]}}],"collection":[{"href":"https:\/\/www.pcnen.com\/portal\/wp-json\/wp\/v2\/posts"}],"about":[{"href":"https:\/\/www.pcnen.com\/portal\/wp-json\/wp\/v2\/types\/post"}],"author":[{"embeddable":true,"href":"https:\/\/www.pcnen.com\/portal\/wp-json\/wp\/v2\/users\/1"}],"replies":[{"embeddable":true,"href":"https:\/\/www.pcnen.com\/portal\/wp-json\/wp\/v2\/comments?post=256864"}],"version-history":[{"count":0,"href":"https:\/\/www.pcnen.com\/portal\/wp-json\/wp\/v2\/posts\/256864\/revisions"}],"wp:attachment":[{"href":"https:\/\/www.pcnen.com\/portal\/wp-json\/wp\/v2\/media?parent=256864"}],"wp:term":[{"taxonomy":"category","embeddable":true,"href":"https:\/\/www.pcnen.com\/portal\/wp-json\/wp\/v2\/categories?post=256864"},{"taxonomy":"post_tag","embeddable":true,"href":"https:\/\/www.pcnen.com\/portal\/wp-json\/wp\/v2\/tags?post=256864"}],"curies":[{"name":"wp","href":"https:\/\/api.w.org\/{rel}","templated":true}]}}