{"id":256850,"date":"2018-11-20T11:06:04","date_gmt":"2018-11-20T10:06:04","guid":{"rendered":"http:\/\/www.pcnen.com\/portal\/?p=256850"},"modified":"2018-11-20T12:24:27","modified_gmt":"2018-11-20T11:24:27","slug":"rts-kosovo-nije-primljeno-u-interpol","status":"publish","type":"post","link":"https:\/\/www.pcnen.com\/portal\/2018\/11\/20\/rts-kosovo-nije-primljeno-u-interpol\/","title":{"rendered":"RTS: Kosovo nije primljeno u Interpol"},"content":{"rendered":"<p><img loading=\"lazy\" decoding=\"async\" src=\"http:\/\/www.pcnen.com\/portal\/wp-content\/uploads\/2015\/03\/interpol-logo-239x300.jpg\" alt=\"\" width=\"239\" height=\"300\" class=\"alignleft size-medium wp-image-173748\" \/>Na <a href=\"http:\/\/www.pcnen.com\/portal\/2018\/11\/18\/pocela-skupstina-interpola-glasanje-o-kosovu-u-utorak\/\">glasanju na generalnoj skup\u0161tini <\/a>Interpola, Kosovo danas nije dobilo dovoljno glasova za \u010dlanstvo u svjetskoj policijskoj organizaciji, prenio je RTS.<\/p>\n<p>Za prijem Kosova u \u010dlanstvo u prvom krugu je glasalo 76, protiv je bilo 56 a uzdr\u017eano 22 delegata.<\/p>\n<p>Posle pauze za prije Kosova je glasalo 68, protiv je bio 51 a uzdr\u017eano 16 delegata, navodi RTS.<\/p>\n","protected":false},"excerpt":{"rendered":"<p>Na glasanju na generalnoj skup\u0161tini Interpola, Kosovo danas nije dobilo dovoljno glasova za \u010dlanstvo u svjetskoj policijskoj organizaciji, prenio je RTS. Za prijem Kosova u \u010dlanstvo u prvom krugu je glasalo 76, protiv je bilo 56 a uzdr\u017eano 22 delegata. Posle pauze za prije Kosova je glasalo 68, protiv je bio 51 a uzdr\u017eano 16 [&hellip;]<\/p>\n","protected":false},"author":1,"featured_media":0,"comment_status":"open","ping_status":"closed","sticky":false,"template":"","format":"standard","meta":{"_seopress_robots_primary_cat":"","_seopress_titles_title":"","_seopress_titles_desc":"","_seopress_robots_index":"","_et_pb_use_builder":"","_et_pb_old_content":"","_et_gb_content_width":"","inline_featured_image":false,"footnotes":""},"categories":[14,12],"tags":[],"class_list":["post-256850","post","type-post","status-publish","format-standard","hentry","category-vijesti","category-prica-dana"],"_links":{"self":[{"href":"https:\/\/www.pcnen.com\/portal\/wp-json\/wp\/v2\/posts\/256850","targetHints":{"allow":["GET"]}}],"collection":[{"href":"https:\/\/www.pcnen.com\/portal\/wp-json\/wp\/v2\/posts"}],"about":[{"href":"https:\/\/www.pcnen.com\/portal\/wp-json\/wp\/v2\/types\/post"}],"author":[{"embeddable":true,"href":"https:\/\/www.pcnen.com\/portal\/wp-json\/wp\/v2\/users\/1"}],"replies":[{"embeddable":true,"href":"https:\/\/www.pcnen.com\/portal\/wp-json\/wp\/v2\/comments?post=256850"}],"version-history":[{"count":0,"href":"https:\/\/www.pcnen.com\/portal\/wp-json\/wp\/v2\/posts\/256850\/revisions"}],"wp:attachment":[{"href":"https:\/\/www.pcnen.com\/portal\/wp-json\/wp\/v2\/media?parent=256850"}],"wp:term":[{"taxonomy":"category","embeddable":true,"href":"https:\/\/www.pcnen.com\/portal\/wp-json\/wp\/v2\/categories?post=256850"},{"taxonomy":"post_tag","embeddable":true,"href":"https:\/\/www.pcnen.com\/portal\/wp-json\/wp\/v2\/tags?post=256850"}],"curies":[{"name":"wp","href":"https:\/\/api.w.org\/{rel}","templated":true}]}}