{"id":256814,"date":"2018-11-19T16:18:38","date_gmt":"2018-11-19T15:18:38","guid":{"rendered":"http:\/\/www.pcnen.com\/portal\/?p=256814"},"modified":"2018-11-19T17:05:54","modified_gmt":"2018-11-19T16:05:54","slug":"unesko-pokrenuo-edukativni-sajt-o-holokaustu","status":"publish","type":"post","link":"https:\/\/www.pcnen.com\/portal\/2018\/11\/19\/unesko-pokrenuo-edukativni-sajt-o-holokaustu\/","title":{"rendered":"UNESKO pokrenuo edukativni sajt o Holokaustu"},"content":{"rendered":"<p><img loading=\"lazy\" decoding=\"async\" src=\"http:\/\/www.pcnen.com\/portal\/wp-content\/uploads\/2013\/01\/Holokaust.jpg\" alt=\"\" width=\"253\" height=\"200\" class=\"alignleft size-full wp-image-104534\" \/>Generalna direktorka agencije UN za kulturu i obrazovanje Odri Azule i predsjednik Svjetskog jevrejskog kongresa Ronald Lauder sve\u010dano su otvorili interaktivni sajt &#8220;\u010cinjenice o Holokaustu&#8221; u sjedi\u0161tu UNESKO.<\/p>\n<p>Na ovom sajtu se mogu na\u0107i istorijske informacije o Holokaustu, uklju\u010duju\u0107i svjedo\u010denja. Uz to, portal je povezan sa onlajn enciklopedijom ameri\u010dkog muzeja posve\u0107enog Holokaustu.<\/p>\n<p>Novi sajt je osmi\u0161ljen radi suzbijanja, kako UNESKO navodi, &#8220;rastu\u0107e mr\u017enje i dezinformisanja na internetu&#8221; kad je rije\u010d o jevrejskim pitanjima, prenosi Tanjug.<\/p>\n<p>Sajt je otvoren pet mjeseci nakon \u0161to je UNESKO objavio prve edukativne smjernice UN o borbi protiv antisemitizma.<\/p>\n<p>Projevrejske inicijative unutar UNESKO pokre\u0107u se u trenutku kada se Izrael priprema da se povu\u010de iz te agencije, koja je na udaru optu\u017ebi da pospje\u0161uje antijevrejske predrasude.<\/p>\n","protected":false},"excerpt":{"rendered":"<p>Generalna direktorka agencije UN za kulturu i obrazovanje Odri Azule i predsjednik Svjetskog jevrejskog kongresa Ronald Lauder sve\u010dano su otvorili interaktivni sajt &#8220;\u010cinjenice o Holokaustu&#8221; u sjedi\u0161tu UNESKO. Na ovom sajtu se mogu na\u0107i istorijske informacije o Holokaustu, uklju\u010duju\u0107i svjedo\u010denja. Uz to, portal je povezan sa onlajn enciklopedijom ameri\u010dkog muzeja posve\u0107enog Holokaustu. Novi sajt je [&hellip;]<\/p>\n","protected":false},"author":1,"featured_media":0,"comment_status":"open","ping_status":"closed","sticky":false,"template":"","format":"standard","meta":{"_seopress_robots_primary_cat":"","_seopress_titles_title":"","_seopress_titles_desc":"","_seopress_robots_index":"","_et_pb_use_builder":"","_et_pb_old_content":"","_et_gb_content_width":"","inline_featured_image":false,"footnotes":""},"categories":[14,12],"tags":[],"class_list":["post-256814","post","type-post","status-publish","format-standard","hentry","category-vijesti","category-prica-dana"],"_links":{"self":[{"href":"https:\/\/www.pcnen.com\/portal\/wp-json\/wp\/v2\/posts\/256814","targetHints":{"allow":["GET"]}}],"collection":[{"href":"https:\/\/www.pcnen.com\/portal\/wp-json\/wp\/v2\/posts"}],"about":[{"href":"https:\/\/www.pcnen.com\/portal\/wp-json\/wp\/v2\/types\/post"}],"author":[{"embeddable":true,"href":"https:\/\/www.pcnen.com\/portal\/wp-json\/wp\/v2\/users\/1"}],"replies":[{"embeddable":true,"href":"https:\/\/www.pcnen.com\/portal\/wp-json\/wp\/v2\/comments?post=256814"}],"version-history":[{"count":0,"href":"https:\/\/www.pcnen.com\/portal\/wp-json\/wp\/v2\/posts\/256814\/revisions"}],"wp:attachment":[{"href":"https:\/\/www.pcnen.com\/portal\/wp-json\/wp\/v2\/media?parent=256814"}],"wp:term":[{"taxonomy":"category","embeddable":true,"href":"https:\/\/www.pcnen.com\/portal\/wp-json\/wp\/v2\/categories?post=256814"},{"taxonomy":"post_tag","embeddable":true,"href":"https:\/\/www.pcnen.com\/portal\/wp-json\/wp\/v2\/tags?post=256814"}],"curies":[{"name":"wp","href":"https:\/\/api.w.org\/{rel}","templated":true}]}}