{"id":256806,"date":"2018-11-19T09:54:27","date_gmt":"2018-11-19T08:54:27","guid":{"rendered":"http:\/\/www.pcnen.com\/portal\/?p=256806"},"modified":"2018-11-19T09:54:27","modified_gmt":"2018-11-19T08:54:27","slug":"eu-ostala-rezervisana-prema-crnogorskom-programu-ekonomskog-drzavljanstva","status":"publish","type":"post","link":"https:\/\/www.pcnen.com\/portal\/2018\/11\/19\/eu-ostala-rezervisana-prema-crnogorskom-programu-ekonomskog-drzavljanstva\/","title":{"rendered":"EU ostala rezervisana prema crnogorskom programu ekonomskog dr\u017eavljanstva"},"content":{"rendered":"<p><img loading=\"lazy\" decoding=\"async\" class=\"size-medium wp-image-172304 alignright\" src=\"http:\/\/www.pcnen.com\/portal\/wp-content\/uploads\/2015\/02\/ekonomsko-drzavljanstvo-300x259.jpg\" alt=\"\" width=\"300\" height=\"259\" \/>Evropska unija, koja je vi\u0161e puta izra\u017eavala reserve u vezi sa ovim pitanjem, izrazila je zabrinutost zbog najave Crne Gore da \u0107e uvesti ekonomsko dr\u017eavljanstvo.<\/p>\n<p>Evropski komesar za unutra\u0161nje poslove Dimitris Avramopulos je najavio da \u0107e crnogorski program ekonomskog dr\u017eavljanstva biti razmotren u izvje\u0161taju o mehanizmu za suspenziju bezviznog re\u017eima, prenosi podgori\u010dki dnevnik Dan.<\/p>\n<p>&#8220;Cilj je da osiguramo da se mobilnost gra\u0111ana odvija u sigurnom i dobro rukovo\u0111enom okru\u017eenju, da se pokrivaju pitanja bezbjednosti dokumenata, upravljanja granicama, migracija, mobilnosti i azila, kao i pitanja borbe protiv organizovanog kriminala i korupcije, za\u0161tite ljudskih prava, manjina i spre\u010davanje diskriminacije. Komisija \u0107e nastaviti da prati i, ukoliko je potrebno, adresira bilo kakva de\u0161avanja koja bi mogla uticati na kontinuirano ispunjavanje pomenutih odrednica, i namjerava da to pokrije\u00a0 u svom drugom izvje\u0161taju o mehanizmu za suspenziju viza&#8221;, kazao je Avramopulos.<\/p>\n<p>Prema odluci Vlade Crne Gore, donijetoj 26. jula ove godine, crnogorsko dr\u017eavljanstvo mo\u0107i \u0107e da se stekne po osnovu nov\u010danog ulaganja u razvojne projekte. Bi\u0107e dostupan za najvi\u0161e 2.000 aplikanata iz zemalja koje ne pripadaju EU i to tokom ograni\u010denog perioda na tri godine.<\/p>\n","protected":false},"excerpt":{"rendered":"<p>Program \u0107e biti razmotren u izvje\u0161taju o mehanizmu za suspenziju bezviznog re\u017eima<\/p>\n","protected":false},"author":1,"featured_media":0,"comment_status":"open","ping_status":"closed","sticky":false,"template":"","format":"standard","meta":{"_seopress_robots_primary_cat":"","_seopress_titles_title":"","_seopress_titles_desc":"","_seopress_robots_index":"","_et_pb_use_builder":"","_et_pb_old_content":"","_et_gb_content_width":"","inline_featured_image":false,"footnotes":""},"categories":[14,12],"tags":[],"class_list":["post-256806","post","type-post","status-publish","format-standard","hentry","category-vijesti","category-prica-dana"],"_links":{"self":[{"href":"https:\/\/www.pcnen.com\/portal\/wp-json\/wp\/v2\/posts\/256806","targetHints":{"allow":["GET"]}}],"collection":[{"href":"https:\/\/www.pcnen.com\/portal\/wp-json\/wp\/v2\/posts"}],"about":[{"href":"https:\/\/www.pcnen.com\/portal\/wp-json\/wp\/v2\/types\/post"}],"author":[{"embeddable":true,"href":"https:\/\/www.pcnen.com\/portal\/wp-json\/wp\/v2\/users\/1"}],"replies":[{"embeddable":true,"href":"https:\/\/www.pcnen.com\/portal\/wp-json\/wp\/v2\/comments?post=256806"}],"version-history":[{"count":0,"href":"https:\/\/www.pcnen.com\/portal\/wp-json\/wp\/v2\/posts\/256806\/revisions"}],"wp:attachment":[{"href":"https:\/\/www.pcnen.com\/portal\/wp-json\/wp\/v2\/media?parent=256806"}],"wp:term":[{"taxonomy":"category","embeddable":true,"href":"https:\/\/www.pcnen.com\/portal\/wp-json\/wp\/v2\/categories?post=256806"},{"taxonomy":"post_tag","embeddable":true,"href":"https:\/\/www.pcnen.com\/portal\/wp-json\/wp\/v2\/tags?post=256806"}],"curies":[{"name":"wp","href":"https:\/\/api.w.org\/{rel}","templated":true}]}}