{"id":256792,"date":"2018-11-19T07:34:07","date_gmt":"2018-11-19T06:34:07","guid":{"rendered":"http:\/\/www.pcnen.com\/portal\/?p=256792"},"modified":"2018-11-19T07:34:07","modified_gmt":"2018-11-19T06:34:07","slug":"evropa-se-budi","status":"publish","type":"post","link":"https:\/\/www.pcnen.com\/portal\/2018\/11\/19\/evropa-se-budi\/","title":{"rendered":"Evropa se budi"},"content":{"rendered":"<p><strong><img loading=\"lazy\" decoding=\"async\" class=\"size-medium wp-image-142889 alignright\" src=\"http:\/\/www.pcnen.com\/portal\/wp-content\/uploads\/2014\/04\/Tomislav-Jakic-300x218.jpg\" alt=\"\" width=\"300\" height=\"218\" \/>Pi\u0161e: Tomislav Jaki\u0107<\/strong><\/p>\n<p>Da je okupljanje svjetskih dr\u017eavnika u Parizu u povodu obilje\u017eavanja stote obljetnice zavr\u0161etka Prvog svjetskog rata bilo izniman doga\u0111aj, u to ne treba sumnjati. Da je doma\u0107in i inicijator skupa, francuski predsjednik Emmanuel Macron poduzeo sve \u0161to je bilo mogu\u0107e (uklju\u010duju\u0107i poziv liderima Sjedinjenih Dr\u017eava i Rusije da dolazak u Pariz ne iskoriste za bilateralni sastanak) kako bi u prvom planu bili sam povod okupljanja, potom Francuska, a ne na posljednjem mjestu i on osobno, i to je nedvojbeno. A da je Macron prigodu iskoristio ne samo za komemoriranje stote obljetnice zavr\u0161etka Velikog rata (kako ga Francuzi zovu), ve\u0107 da bi se profilirao kao najjasniji i najodre\u0111eniji borac protiv bu\u0111enja fa\u0161izma \u0161irom Staroga kontinenta, to je ono po \u010demu \u0107e skup u Parizu biti zapam\u0107en.<\/p>\n<p>\u017deli li Macron postati evropski lider (ili lider Evrope?), vidi li on sebe u ulozi novovjekog Napoleona ili, da ne idemo tako daleko u pro\u0161lost, novog Charlesa de Gaullea? Mo\u017eda. No to sada i nije bitno. Ono \u0161to jest va\u017eno, to je da je u Parizu jedanaestoga dana jedanaestoga mjeseca u godini izgovorio re\u010denicu koja je, bez i najmanje rezerve, stvari postavila na svoje mjesto. \u2018Nacionalizam je suprotan patriotizmu (domoljublju), nacionalizam je izdaja patriotizma!\u2019 Ta kratka re\u010denica mo\u017eda je usamljeni zvuk trube \u0161to budi uspavanu Evropu koja nije ni zamijetila kako je polako, ali sigurno osvaja podmukli neofa\u0161izam. A mo\u017eda je tek posmrtna melodija za Evropu koja nije na vrijeme spoznala opasnost probu\u0111enog nacifa\u0161izma i na\u0161la se, ponovno, u njegovim raljama. Budu\u0107nost \u0107e pokazati.<\/p>\n<p>Bilo kako bilo, Macronovo upozorenje, koje je uslijedilo nekoliko tjedana nakon intervjua u kojemu je zabrinuto konstatirao sli\u010dnost dana\u0161njega stanja u Evropi s onime iz 1930-ih, nadovezuje se na zna\u010dajnu rezoluciju Evropskog parlamenta \u0161to su je hrvatski politi\u010dki i medijski krugovi gotovo potpuno pre\u0161utjeli, sakrivaju\u0107i je time od javnosti u Hrvatskoj. Ni\u0161ta \u010dudno, jer zna li se \u0161to je i za\u0161to re\u010deno u toj rezoluciji, ne mo\u017ee se vi\u0161e do iznemoglosti, papagajski ponavljati kako je \u2018Evropski parlament osudio sve oblike totalitarizama, i komunizam i fa\u0161izam\u2019 i time prikrivati politiku (jer o politici je rije\u010d, ne o incidentima) o\u017eivljavanja fa\u0161izma (u hrvatskoj verziji usta\u0161tva) pod krinkom evropejstva i, ne zaboravimo nikako, borbe protiv komunizma, kao i osu\u0111ivanja \u2018komunisti\u010dkih zlo\u010dina\u2019. I sam naslov dokumenta prihva\u0107enog u Evropskom parlamentu 25. listopada ve\u0107 dovoljno govori: Rezolucija o porastu neofa\u0161isti\u010dkog nasilja u Evropi. U uvodnom dijelu rezolucija se poziva na cijeli niz ranijih rezolucija, deklaracija i dokumenata. Na primjer na rezoluciju Op\u0107e skup\u0161tine UN-a (iz prosinca 2016.) o \u2018borbi protiv glorificiranja nacizma, neonacizma i drugih aktivnosti \u0161to pridonose poticanju suvremenih oblika rasizma, rasne diskriminacije, ksenofobije i s njome povezane netolerancije\u2019. Ili pak na rezoluciju Vije\u0107a Evrope (iz rujna 2014.) o \u2018suprotstavljanju neonacizmu i desnom ekstremizmu\u2019. Sada\u0161nje ja\u010danje ksenofobije u Evropi pripisuje se, potpuno ispravno (ali za\u0161to tek sada?), izostanku ozbiljne akcije protiv neofa\u0161isti\u010dkih i neonacisti\u010dkih skupina, uz konstataciju kako nas te skupine (i politi\u010dke stranke) \u0161irenjem mr\u017enje i nasilja u dru\u0161tvu podsje\u0107aju na ono \u0161to su bile sposobne u\u010diniti u pro\u0161losti. Slijedi upozorenje (uz ponovljeno pitanje: a za\u0161to tek sada?) da neofa\u0161isti i neonacisti koriste i zloupotrebljavaju instrumente demokracije, kako bi \u0161irili mr\u017enju i nasilje, uz preciziranje da tu svoju aktivnost prikrivaju pozivanjem na na\u010delo slobode govora i podsje\u0107anje na to da apsolutne slobode govora nema.<\/p>\n<p>Ne vjerujete? Ni\u0161ta o tome niste ni \u010duli ni pro\u010ditali? Nije li i to neki fake news, izmi\u0161ljotina sinova i unuka komunista, Jugoslavena, udba\u0161a i kosovaca ili uradak plasiran iz toliko spominjane ruske \u2018propagandne kuhinje\u2019? Ne, nije, sve je to autenti\u010dno i mo\u017ee se pro\u010ditati na internetskoj stranici Evropskoga parlamenta. No najbolje tek slijedi. Ako ni Jugoslavija ni Hrvatska nisu izrijekom spomenute u onoj toliko nam dragoj rezoluciji o osudi svih oblika totalitarizama, u ovu novu \u2013 prema svemu sude\u0107i, vladaju\u0107oj nomenklaturi mrsku \u2013 hrvatsko se ime uspjelo probiti. Na\u017ealost, ali s razlogom. \u2018Evropska komisija za borbu protiv rasizma i netolerancije, \u0161to ju je ustanovilo Vije\u0107e Evrope, izrazila je \u2013 u izvje\u0161taju od 15. svibnja 2018. \u2013 uznemirenost zbog porasta desnog ekstremizma i neofa\u0161izma u Hrvatskoj\u2019, doslovni je citat iz teksta rezolucije o, ponovimo, porastu neofa\u0161isti\u010dkog nasilja u Evropi. Slijedi navo\u0111enje konkretnih slu\u010dajeva manifestiranja toga fenomena u nizu evropskih zemalja, pri \u010demu se posebno apostrofira divljanje na sportskim borili\u0161tima, kao i nezaobilazna uloga obrazovnog sustava, da bi se posve neuvijeno izrazila \u2018duboka zabrinutost\u2019 zbog toga \u0161to se u Evropskoj uniji po\u010dinju smatrati normalnima \u2018fa\u0161izam, rasizam, ksenofobija i drugi oblici netolerancije\u2019, kao i zbog toga \u0161to \u2018u nekim dr\u017eavama \u010dlanicama EU-a politi\u010dki lideri, stranke i snage reda sura\u0111uju s neofa\u0161isti\u010dkim i neonacisti\u010dkim skupinama\u2019, uz primjedbu da je takvo stanje jedan od uzroka \u2018zabrinjavaju\u0107eg porasta nasilnih akcija odre\u0111enih ekstremno desnih organizacija\u2019. Tu ime Hrvatske nije spomenuto, ali svakome tko poznaje prilike u Hrvatskoj usporedbe se name\u0107u same od sebe. U zavr\u0161nici Evropski parlament podsje\u0107a kako su fa\u0161isti\u010dka ideologija i netolerancija uvijek povezane s napadom na samu bit demokracije, nagla\u0161ava da je poznavanje povijesti jedan od preduvjeta da se zlo\u010dini imanentni nacifa\u0161izmu ne dogode (i) u budu\u0107nosti te poziva dr\u017eave \u010dlanice da osude svaki oblik poricanja holokausta, uklju\u010duju\u0107i trivijaliziranje i umanjivanje zlo\u010dina nacista i njihovih suradnika (kolaboranata) i da se tome suprotstave.<\/p>\n<p>I je li sada jasno za\u0161to se o toj rezoluciji Evropskoga parlamenta u Hrvatskoj (prakti\u010dki) \u0161uti? Je li jasno za\u0161to je Macronova slika nacionalizma i patriotizma samo polovi\u010dno prenesena (bez onoga \u2018nacionalizam je izdaja patriotizma\u2019) i za\u0161to je javna televizija u Hrvatskoj od svih manifestacija vezanih uz obilje\u017eavanje stote obljetnice zavr\u0161etka Prvoga svjetskog rata (uklju\u010duju\u0107i i onu u Londonu na kojoj je prvi put sudjelovao predsjednik Njema\u010dke!) prenosila samo sve\u010dani koncert iz Versaillesa? Pa naravno da je jasno. Jer \u0161to bi ostalo od na\u0161ih \u2018ulju\u0111enih Evropljana\u2019 i njihovih javnih i manje javnih saveznika, poluprimitivaca koji \u010desto ne znaju govoriti ni vlastitim jezikom, mada se kite i akademskim titulama, kada bi prihvatili rezoluciju Evropskoga parlamenta i po\u010deli se u skladu s njom pona\u0161ati? \u0160to bi ostalo od onih koji tvrde da je usta\u0161ki pozdrav \u2018Za dom spremni\u2019 stari hrvatski pozdrav i \u2018znanstveno dokazuju\u2019 da su u vrijeme terora Paveli\u0107evih usta\u0161a zapravo Srbi u Hrvatskoj provodili genocid nad Hrvatima, pa su onda izmislili pri\u010de o \u2018stra\u0161nim usta\u0161ama\u2019 (pri \u010demu se prikladno \u2018zaboravlja\u2019 sudbina \u017didova u tzv. NDH)? \u0160to bi ostalo od onih koji tvrde kako je usta\u0161ki Jasenovac bio \u2018samo\u2019 radni logor, a da je tek komunisti\u010dki Jasenovac, \u010dije se postojanje ni sa \u010dime ne mo\u017ee dokazati, bio logor smrti? \u0160to bi ostalo od onih koji svoje politi\u010dke karijere \u017eele okruniti izbacivanjem iz rezidencije biste mar\u0161ala Tita, najuspje\u0161nijeg vo\u0111e pokreta otpora protiv nacifa\u0161izma u okupiranoj Evropi, kao i svih onih koji danono\u0107no istra\u017euju \u2018zlo\u010dine komunizma\u2019 ne bi li gurnuli u zaborav zlo\u010dine onih koje sa zaka\u0161njenjem od vi\u0161e od sedam desetlje\u0107a nastoje ustoli\u010diti na pobjedni\u010dkom postolju? \u0160to bi ostalo od \u2018mudraca\u2019 koji su neumorno dokazivali potpunu bespredmetnost pozivanja na antifa\u0161izam u Hrvatskoj \u2018kada fa\u0161izma nema, niti itko u svijetu o njemu govori\u2019? O rulji na stadionima (\u2018ubij, ubij Srbina\u2019), o povijesnim revizionistima u obrazovnom sustavu, ali i u redovima Crkve, o anonimusima na internetu koji doslovno rigaju mr\u017enju uz sasvim konkretne prijetnje, o svima njima sada ne\u0107emo. No \u0161to bi ostalo i od njih, kada bi Hrvatska iskreno prigrlila rezoluciju Evropskoga parlamenta o porastu neofa\u0161isti\u010dkog nasilja u Evropi? Odgovor je \u2013 ostalo bi jedno veliko ni\u0161ta!<\/p>\n<p>I ostat \u0107e, pod pretpostavkom da ni Macron ni Evropski parlament nisu zakasnili. Ako su zakasnili, veliko \u0107e \u2018ni\u0161ta\u2019 prevladati i utopiti nas u ni\u0161tavilu u koje obnovljeni fa\u0161izam nu\u017eno mora i jedino mo\u017ee voditi.<\/p>\n<p><a href=\"https:\/\/www.portalnovosti.com\/evropa-se-budi\">Portal Novosti<\/a><\/p>\n","protected":false},"excerpt":{"rendered":"<p>Macronovo upozorenje da je \u2018nacionalizam izdaja patriotizma\u2019 nadovezuje se na Rezoluciju o porastu neofa\u0161isti\u010dkog nasilja u Evropi u kojoj se izrijekom spominje i Hrvatska, a koju su doma\u0107i politi\u010dki i medijski krugovi gotovo potpuno pre\u0161utjeli<\/p>\n","protected":false},"author":1,"featured_media":0,"comment_status":"open","ping_status":"closed","sticky":false,"template":"","format":"standard","meta":{"_seopress_robots_primary_cat":"","_seopress_titles_title":"","_seopress_titles_desc":"","_seopress_robots_index":"","_et_pb_use_builder":"","_et_pb_old_content":"","_et_gb_content_width":"","inline_featured_image":false,"footnotes":""},"categories":[5],"tags":[],"class_list":["post-256792","post","type-post","status-publish","format-standard","hentry","category-drugi-pisu"],"_links":{"self":[{"href":"https:\/\/www.pcnen.com\/portal\/wp-json\/wp\/v2\/posts\/256792","targetHints":{"allow":["GET"]}}],"collection":[{"href":"https:\/\/www.pcnen.com\/portal\/wp-json\/wp\/v2\/posts"}],"about":[{"href":"https:\/\/www.pcnen.com\/portal\/wp-json\/wp\/v2\/types\/post"}],"author":[{"embeddable":true,"href":"https:\/\/www.pcnen.com\/portal\/wp-json\/wp\/v2\/users\/1"}],"replies":[{"embeddable":true,"href":"https:\/\/www.pcnen.com\/portal\/wp-json\/wp\/v2\/comments?post=256792"}],"version-history":[{"count":0,"href":"https:\/\/www.pcnen.com\/portal\/wp-json\/wp\/v2\/posts\/256792\/revisions"}],"wp:attachment":[{"href":"https:\/\/www.pcnen.com\/portal\/wp-json\/wp\/v2\/media?parent=256792"}],"wp:term":[{"taxonomy":"category","embeddable":true,"href":"https:\/\/www.pcnen.com\/portal\/wp-json\/wp\/v2\/categories?post=256792"},{"taxonomy":"post_tag","embeddable":true,"href":"https:\/\/www.pcnen.com\/portal\/wp-json\/wp\/v2\/tags?post=256792"}],"curies":[{"name":"wp","href":"https:\/\/api.w.org\/{rel}","templated":true}]}}