{"id":256743,"date":"2018-11-17T19:07:20","date_gmt":"2018-11-17T18:07:20","guid":{"rendered":"http:\/\/www.pcnen.com\/portal\/?p=256743"},"modified":"2018-11-17T19:09:32","modified_gmt":"2018-11-17T18:09:32","slug":"se-sprijeciti-seksualnu-eksploataciju-djece-u-sportu","status":"publish","type":"post","link":"https:\/\/www.pcnen.com\/portal\/2018\/11\/17\/se-sprijeciti-seksualnu-eksploataciju-djece-u-sportu\/","title":{"rendered":"SE: Sprije\u010diti seksualnu eksploataciju djece u sportu"},"content":{"rendered":"<p><img loading=\"lazy\" decoding=\"async\" src=\"http:\/\/www.pcnen.com\/portal\/wp-content\/uploads\/2018\/11\/djeca-sport-foto-RSE-300x169.jpg\" alt=\"\" width=\"300\" height=\"169\" class=\"alignleft size-medium wp-image-256744\" srcset=\"https:\/\/www.pcnen.com\/portal\/wp-content\/uploads\/2018\/11\/djeca-sport-foto-RSE.jpg 300w, https:\/\/www.pcnen.com\/portal\/wp-content\/uploads\/2018\/11\/djeca-sport-foto-RSE-235x132.jpg 235w, https:\/\/www.pcnen.com\/portal\/wp-content\/uploads\/2018\/11\/djeca-sport-foto-RSE-202x114.jpg 202w, https:\/\/www.pcnen.com\/portal\/wp-content\/uploads\/2018\/11\/djeca-sport-foto-RSE-75x42.jpg 75w, https:\/\/www.pcnen.com\/portal\/wp-content\/uploads\/2018\/11\/djeca-sport-foto-RSE-220x124.jpg 220w\" sizes=\"(max-width: 300px) 100vw, 300px\" \/>Generalni sekretar Savjeta Evrope Torbjorn Jagland je uo\u010di Evropskog dana za\u0161tite djece od seksualne eksploatacije i zlostavljanja, 18. novembra, kazao da se napori za &#8220;prekidanje ti\u0161ine koja okru\u017euje seksualno zlostavljanje djece u sportu&#8221; moraju udvostru\u010dti, a jo\u0161 ve\u0107i napori ulo\u017eiti radi spre\u010davanja tog zlo\u010dina, navodi se u saop\u0161tenju.<\/p>\n<p>&#8220;Sportsko okru\u017eenje \u010desto podrazumijeva nejednake odnose moc\u0301i, u atmosferi u kojoj dominira mu\u0161karac, gdje se ranjivost vidi kao slabost. To dovodi djecu u poseban rizik od seksualnog zlostavljanja&#8221;, kazao je Jagland i dodao da je za\u0161tita djece od seksualnog zlostavljanja u sportu veliki izazov, u koji trebaju da se uklju\u010de roditelji, treneri, sportisti i upravni organi klubova, prenosi RSE.<\/p>\n<p>On je podsjetio da je SE po\u010delo projekat &#8220;Start to Talk&#8221; (Progovori) aprila ove godine, putem kojeg poznati sportisti, treneri, klubovi i sportske federacije skrec\u0301u pa\u017enju na problem seksualnog zlostavljanja djece u sportu, i da iznose svoje probleme.<\/p>\n<p>&#8220;Djeci je te\u0161ko da govore (o problemu seksualnog zlostavljanja) &#8211; oko jedne trec\u0301ine djece \u017ertava nikada ne ka\u017ee ni\u0161ta o tome&#8221;, navodi se u saop\u0161tenju.<\/p>\n<p>Obilje\u017eavanje Evropskog dana za\u0161tite djece od seksualne eksploatacije i seksualnog zlostavljanja po\u010deo je Savjet ministara Savjeta Evrope 2015. godine, da bi se sprije\u010dili zlo\u010dini, da bi po\u010delo gonjenje po\u010dinilaca i za\u0161titile \u017ertve, i da bi javnost znala o seksualnom zlostavljanju djece.<\/p>\n","protected":false},"excerpt":{"rendered":"<p>Generalni sekretar Savjeta Evrope Torbjorn Jagland je uo\u010di Evropskog dana za\u0161tite djece od seksualne eksploatacije i zlostavljanja, 18. novembra, kazao da se napori za &#8220;prekidanje ti\u0161ine koja okru\u017euje seksualno zlostavljanje djece u sportu&#8221; moraju udvostru\u010dti, a jo\u0161 ve\u0107i napori ulo\u017eiti radi spre\u010davanja tog zlo\u010dina, navodi se u saop\u0161tenju. &#8220;Sportsko okru\u017eenje \u010desto podrazumijeva nejednake odnose moc\u0301i, [&hellip;]<\/p>\n","protected":false},"author":1,"featured_media":256744,"comment_status":"open","ping_status":"closed","sticky":false,"template":"","format":"standard","meta":{"_seopress_robots_primary_cat":"","_seopress_titles_title":"","_seopress_titles_desc":"","_seopress_robots_index":"","_et_pb_use_builder":"","_et_pb_old_content":"","_et_gb_content_width":"","inline_featured_image":false,"footnotes":""},"categories":[14,12],"tags":[],"class_list":["post-256743","post","type-post","status-publish","format-standard","has-post-thumbnail","hentry","category-vijesti","category-prica-dana"],"_links":{"self":[{"href":"https:\/\/www.pcnen.com\/portal\/wp-json\/wp\/v2\/posts\/256743","targetHints":{"allow":["GET"]}}],"collection":[{"href":"https:\/\/www.pcnen.com\/portal\/wp-json\/wp\/v2\/posts"}],"about":[{"href":"https:\/\/www.pcnen.com\/portal\/wp-json\/wp\/v2\/types\/post"}],"author":[{"embeddable":true,"href":"https:\/\/www.pcnen.com\/portal\/wp-json\/wp\/v2\/users\/1"}],"replies":[{"embeddable":true,"href":"https:\/\/www.pcnen.com\/portal\/wp-json\/wp\/v2\/comments?post=256743"}],"version-history":[{"count":0,"href":"https:\/\/www.pcnen.com\/portal\/wp-json\/wp\/v2\/posts\/256743\/revisions"}],"wp:featuredmedia":[{"embeddable":true,"href":"https:\/\/www.pcnen.com\/portal\/wp-json\/wp\/v2\/media\/256744"}],"wp:attachment":[{"href":"https:\/\/www.pcnen.com\/portal\/wp-json\/wp\/v2\/media?parent=256743"}],"wp:term":[{"taxonomy":"category","embeddable":true,"href":"https:\/\/www.pcnen.com\/portal\/wp-json\/wp\/v2\/categories?post=256743"},{"taxonomy":"post_tag","embeddable":true,"href":"https:\/\/www.pcnen.com\/portal\/wp-json\/wp\/v2\/tags?post=256743"}],"curies":[{"name":"wp","href":"https:\/\/api.w.org\/{rel}","templated":true}]}}