{"id":256713,"date":"2018-11-16T19:55:44","date_gmt":"2018-11-16T18:55:44","guid":{"rendered":"http:\/\/www.pcnen.com\/portal\/?p=256713"},"modified":"2018-11-16T19:55:44","modified_gmt":"2018-11-16T18:55:44","slug":"najvisa-dnevna-temperatura-od-1-do-15-stepeni","status":"publish","type":"post","link":"https:\/\/www.pcnen.com\/portal\/2018\/11\/16\/najvisa-dnevna-temperatura-od-1-do-15-stepeni\/","title":{"rendered":"Najvi\u0161a dnevna temperatura od 1 do 15 stepeni"},"content":{"rendered":"<p><img loading=\"lazy\" decoding=\"async\" class=\"alignleft size-full wp-image-102998\" src=\"http:\/\/www.pcnen.com\/portal\/wp-content\/uploads\/2013\/01\/inje-na-grani.jpg\" alt=\"\" width=\"300\" height=\"225\" \/>U ju\u017enim i centralnim krajevima Crne Gore bi\u0107e malo do umjereno obla\u010dno sa sun\u010danim intervalima.<\/p>\n<p>Na sjeveru zemlje bi\u0107e umjereno do potpuno obla\u010dno i uglavnom suvo.<\/p>\n<p>Vjetar koji \u0107e duvati sa sjevera bi\u0107e povremeno umjeren do jak, a u jutarnjim i no\u0107nim satima ponegdje na udare i veoma jak.<\/p>\n<p>Jutarnja temperatura vazduha bi\u0107e u rasponu od -5 do 10, a najvi\u0161a dnevna od 1 do 16 stepeni.<\/p>\n<p>U Podgorici \u0107e biti malo do umjereno obla\u010dno sa sun\u010danim intervalima. Vjetar sjeveroisto\u010dni bi\u0107e povremeno umjeren do jak. Jutarnja temperatura vazduha bi\u0107e oko 6, a najvi\u0161a dnevna do 15 stepeni.<\/p>\n<p><a href=\"http:\/\/www.meteo.co.me\/misc.php?text=121&amp;sektor=1&amp;grad=BER\">Prognoza za ostale gradove.<\/a><\/p>\n","protected":false},"excerpt":{"rendered":"<p>U ju\u017enim i centralnim krajevima Crne Gore bi\u0107e sun\u010danih intervala, a na sjeveru zemlje umjereno do potpuno obla\u010dno<\/p>\n","protected":false},"author":1,"featured_media":0,"comment_status":"open","ping_status":"closed","sticky":false,"template":"","format":"standard","meta":{"_seopress_robots_primary_cat":"","_seopress_titles_title":"","_seopress_titles_desc":"","_seopress_robots_index":"","_et_pb_use_builder":"","_et_pb_old_content":"","_et_gb_content_width":"","inline_featured_image":false,"footnotes":""},"categories":[14,12],"tags":[],"class_list":["post-256713","post","type-post","status-publish","format-standard","hentry","category-vijesti","category-prica-dana"],"_links":{"self":[{"href":"https:\/\/www.pcnen.com\/portal\/wp-json\/wp\/v2\/posts\/256713","targetHints":{"allow":["GET"]}}],"collection":[{"href":"https:\/\/www.pcnen.com\/portal\/wp-json\/wp\/v2\/posts"}],"about":[{"href":"https:\/\/www.pcnen.com\/portal\/wp-json\/wp\/v2\/types\/post"}],"author":[{"embeddable":true,"href":"https:\/\/www.pcnen.com\/portal\/wp-json\/wp\/v2\/users\/1"}],"replies":[{"embeddable":true,"href":"https:\/\/www.pcnen.com\/portal\/wp-json\/wp\/v2\/comments?post=256713"}],"version-history":[{"count":0,"href":"https:\/\/www.pcnen.com\/portal\/wp-json\/wp\/v2\/posts\/256713\/revisions"}],"wp:attachment":[{"href":"https:\/\/www.pcnen.com\/portal\/wp-json\/wp\/v2\/media?parent=256713"}],"wp:term":[{"taxonomy":"category","embeddable":true,"href":"https:\/\/www.pcnen.com\/portal\/wp-json\/wp\/v2\/categories?post=256713"},{"taxonomy":"post_tag","embeddable":true,"href":"https:\/\/www.pcnen.com\/portal\/wp-json\/wp\/v2\/tags?post=256713"}],"curies":[{"name":"wp","href":"https:\/\/api.w.org\/{rel}","templated":true}]}}