{"id":256696,"date":"2018-11-16T14:22:37","date_gmt":"2018-11-16T13:22:37","guid":{"rendered":"http:\/\/www.pcnen.com\/portal\/?p=256696"},"modified":"2018-11-16T18:45:57","modified_gmt":"2018-11-16T17:45:57","slug":"crna-gora-uvodi-dobrovoljni-vojni-rok","status":"publish","type":"post","link":"https:\/\/www.pcnen.com\/portal\/2018\/11\/16\/crna-gora-uvodi-dobrovoljni-vojni-rok\/","title":{"rendered":"Crna Gora uvodi dobrovoljni vojni rok"},"content":{"rendered":"<p><img loading=\"lazy\" decoding=\"async\" class=\"alignleft size-medium wp-image-73318\" src=\"http:\/\/www.pcnen.com\/portal\/wp-content\/uploads\/2012\/01\/vojska-CG-300x172.jpg\" alt=\"\" width=\"300\" height=\"172\" \/>Od idu\u0107e godine Crna Gora uvodi dobrovoljni vojni rok, javlja RTCG.<\/p>\n<p>Od 2006. Vojska Crne Gore nije imala klasi\u010dne regrute, ukinut je vojni rok i odbrambeni koncept zasniva se na profesionalnim formacijama u skladu s potrebama i ekonomskim mogu\u0107nostima Crne Gore.<\/p>\n<p>To \u0107e se promijeniti 2019. godine, kada \u0107e dvije grupe od po 50 mladi\u0107a i djevojaka slu\u017eiti dobrovoljno vojni rok, prenosi RTCG.<\/p>\n<p>&#8220;Radujem se kona\u010dnoj realizaciji programa osposobljavanja mladih ljudi. Mi smo imali jednu pauzu, mo\u017eda i preduga\u010dku u obu\u010davanju da u slu\u010daju potrebe stanu na branik otad\u017ebine i brane Crnu Goru&#8221;, ka\u017ee komandant Centra za obuku VCG, potpukovnik Igor Kne\u017eevi\u0107.<\/p>\n<p>&#8220;Zaokru\u017eujemo svu pri\u010du ovih dana i do detalja znamo kako \u0107e to izgledati. Krajem godine ili po\u010detkom idu\u0107e, iza\u0107i \u0107e javni oglas gdje \u0107emo pozvati mladi\u0107e i djevojke od 18 do 25 godina da se prijave&#8221;, najavljuje direktor Direktorata za ljudske resurse Ministarstva odbrane Mihailo Volkov.<\/p>\n<p>Istra\u017eivanje Atlanskog saveza iz 2016. godine pokazalo je da bi \u010dak 55 odsto ispitanika dobrovoljno slu\u017eilo vojni rok u trajanju od tri mjeseca, dok je 61 odsto ispitanika smatralo da vojni rok u Crnoj Gori nije ni trebalo ukinuti.<\/p>\n<p>Volkov nije mogao da ka\u017ee da li \u0107e se u budu\u0107nosti razmi\u0161ljati o uvo\u0111enju obaveznog vojnog roka, ali je dodao da je to pitanje koje se, &#8220;ako do\u0111e na red, ti\u010de ne samo Ministarstva odbrane i Vojske, nego cijelog dru\u0161tva&#8221;.<\/p>\n<p>Tromjese\u010dna obuka \u0107e biti gotovo identi\u010dna onoj koju sada poha\u0111aju budu\u0107i profesionalni vojnici. Nakon toga, oni odslu\u017ee dobrovoljni vojni rok stupaju u strategijsku raspore\u0111enu rezervu i bi\u0107e na raspolaganju dr\u017eavi u svim vanrednim uslovima.<\/p>\n<p>Ima\u0107e tako\u0111e prednost pri zapo\u0161ljavanju u Vojsci Crne Gore, navodi RTCG.<\/p>\n","protected":false},"excerpt":{"rendered":"<p>Od idu\u0107e godine Crna Gora uvodi dobrovoljni vojni rok, javlja RTCG. Od 2006. Vojska Crne Gore nije imala klasi\u010dne regrute, ukinut je vojni rok i odbrambeni koncept zasniva se na profesionalnim formacijama u skladu s potrebama i ekonomskim mogu\u0107nostima Crne Gore. To \u0107e se promijeniti 2019. godine, kada \u0107e dvije grupe od po 50 mladi\u0107a [&hellip;]<\/p>\n","protected":false},"author":1,"featured_media":0,"comment_status":"open","ping_status":"closed","sticky":false,"template":"","format":"standard","meta":{"_seopress_robots_primary_cat":"","_seopress_titles_title":"","_seopress_titles_desc":"","_seopress_robots_index":"","_et_pb_use_builder":"","_et_pb_old_content":"","_et_gb_content_width":"","inline_featured_image":false,"footnotes":""},"categories":[14,12],"tags":[],"class_list":["post-256696","post","type-post","status-publish","format-standard","hentry","category-vijesti","category-prica-dana"],"_links":{"self":[{"href":"https:\/\/www.pcnen.com\/portal\/wp-json\/wp\/v2\/posts\/256696","targetHints":{"allow":["GET"]}}],"collection":[{"href":"https:\/\/www.pcnen.com\/portal\/wp-json\/wp\/v2\/posts"}],"about":[{"href":"https:\/\/www.pcnen.com\/portal\/wp-json\/wp\/v2\/types\/post"}],"author":[{"embeddable":true,"href":"https:\/\/www.pcnen.com\/portal\/wp-json\/wp\/v2\/users\/1"}],"replies":[{"embeddable":true,"href":"https:\/\/www.pcnen.com\/portal\/wp-json\/wp\/v2\/comments?post=256696"}],"version-history":[{"count":0,"href":"https:\/\/www.pcnen.com\/portal\/wp-json\/wp\/v2\/posts\/256696\/revisions"}],"wp:attachment":[{"href":"https:\/\/www.pcnen.com\/portal\/wp-json\/wp\/v2\/media?parent=256696"}],"wp:term":[{"taxonomy":"category","embeddable":true,"href":"https:\/\/www.pcnen.com\/portal\/wp-json\/wp\/v2\/categories?post=256696"},{"taxonomy":"post_tag","embeddable":true,"href":"https:\/\/www.pcnen.com\/portal\/wp-json\/wp\/v2\/tags?post=256696"}],"curies":[{"name":"wp","href":"https:\/\/api.w.org\/{rel}","templated":true}]}}