{"id":256612,"date":"2018-11-14T21:26:04","date_gmt":"2018-11-14T20:26:04","guid":{"rendered":"http:\/\/www.pcnen.com\/portal\/?p=256612"},"modified":"2018-11-14T21:26:40","modified_gmt":"2018-11-14T20:26:40","slug":"na-jugu-vise-sunca-a-na-sjeveru-oblaka","status":"publish","type":"post","link":"https:\/\/www.pcnen.com\/portal\/2018\/11\/14\/na-jugu-vise-sunca-a-na-sjeveru-oblaka\/","title":{"rendered":"Na jugu vi\u0161e sunca, a na sjeveru oblaka"},"content":{"rendered":"<p><img loading=\"lazy\" decoding=\"async\" class=\"alignleft size-medium wp-image-162530\" src=\"http:\/\/www.pcnen.com\/portal\/wp-content\/uploads\/2014\/10\/obaci-planine-300x205.jpg\" alt=\"crometeo.hr\" width=\"300\" height=\"205\" \/>U ju\u017enim i centralnim djelovima Crne Gore bi\u0107e prete\u017eno sun\u010dano, uz povremeno malu do umjerenu obla\u010dnost.<\/p>\n<p>Na sjeveru zemlje bi\u0107e umjereno do potpuno obla\u010dno i uglavnom suvo.<\/p>\n<p>Sjeverni vjeetar bi\u0107e povremeno umjeren do jak.<\/p>\n<p>Jutarnja temperatura vazduha bi\u0107e u rasponu od -3 do 12, a najvi\u0161a dnevna od 3 do 21 stepen.<\/p>\n<p>U Podgorici \u0107e biti prete\u017eno sun\u010dano ili malo do umjereno obla\u010dno. Vjetar sjeveroisto\u010dni \u0107e povremeno biti umjeren do poja\u010dan. Jutarnja temperatura vazduha bi\u0107e oko 8, a najvi\u0161a dnevna oko 18 stepeni.<\/p>\n<p><a href=\"http:\/\/www.meteo.co.me\/misc.php?text=121&amp;sektor=1&amp;grad=ULC\">Prognoza za ostale gradove.<\/a><\/p>\n","protected":false},"excerpt":{"rendered":"<p>Sjeverni vjeetar bi\u0107e povremeno umjeren do jak<\/p>\n","protected":false},"author":1,"featured_media":0,"comment_status":"open","ping_status":"closed","sticky":false,"template":"","format":"standard","meta":{"_seopress_robots_primary_cat":"","_seopress_titles_title":"","_seopress_titles_desc":"","_seopress_robots_index":"","_et_pb_use_builder":"","_et_pb_old_content":"","_et_gb_content_width":"","inline_featured_image":false,"footnotes":""},"categories":[14,12],"tags":[],"class_list":["post-256612","post","type-post","status-publish","format-standard","hentry","category-vijesti","category-prica-dana"],"_links":{"self":[{"href":"https:\/\/www.pcnen.com\/portal\/wp-json\/wp\/v2\/posts\/256612","targetHints":{"allow":["GET"]}}],"collection":[{"href":"https:\/\/www.pcnen.com\/portal\/wp-json\/wp\/v2\/posts"}],"about":[{"href":"https:\/\/www.pcnen.com\/portal\/wp-json\/wp\/v2\/types\/post"}],"author":[{"embeddable":true,"href":"https:\/\/www.pcnen.com\/portal\/wp-json\/wp\/v2\/users\/1"}],"replies":[{"embeddable":true,"href":"https:\/\/www.pcnen.com\/portal\/wp-json\/wp\/v2\/comments?post=256612"}],"version-history":[{"count":0,"href":"https:\/\/www.pcnen.com\/portal\/wp-json\/wp\/v2\/posts\/256612\/revisions"}],"wp:attachment":[{"href":"https:\/\/www.pcnen.com\/portal\/wp-json\/wp\/v2\/media?parent=256612"}],"wp:term":[{"taxonomy":"category","embeddable":true,"href":"https:\/\/www.pcnen.com\/portal\/wp-json\/wp\/v2\/categories?post=256612"},{"taxonomy":"post_tag","embeddable":true,"href":"https:\/\/www.pcnen.com\/portal\/wp-json\/wp\/v2\/tags?post=256612"}],"curies":[{"name":"wp","href":"https:\/\/api.w.org\/{rel}","templated":true}]}}