{"id":256564,"date":"2018-11-13T18:47:55","date_gmt":"2018-11-13T17:47:55","guid":{"rendered":"http:\/\/www.pcnen.com\/portal\/?p=256564"},"modified":"2018-11-13T18:47:55","modified_gmt":"2018-11-13T17:47:55","slug":"u-grckoj-pronaden-drevni-grad-tenea","status":"publish","type":"post","link":"https:\/\/www.pcnen.com\/portal\/2018\/11\/13\/u-grckoj-pronaden-drevni-grad-tenea\/","title":{"rendered":"U Gr\u010dkoj prona\u0111en drevni grad Tenea"},"content":{"rendered":"<p><img loading=\"lazy\" decoding=\"async\" src=\"http:\/\/www.pcnen.com\/portal\/wp-content\/uploads\/2018\/11\/tenea-300x195.jpg\" alt=\"\" width=\"300\" height=\"195\" class=\"alignleft size-medium wp-image-256565\" srcset=\"https:\/\/www.pcnen.com\/portal\/wp-content\/uploads\/2018\/11\/tenea.jpg 300w, https:\/\/www.pcnen.com\/portal\/wp-content\/uploads\/2018\/11\/tenea-285x184.jpg 285w, https:\/\/www.pcnen.com\/portal\/wp-content\/uploads\/2018\/11\/tenea-235x153.jpg 235w, https:\/\/www.pcnen.com\/portal\/wp-content\/uploads\/2018\/11\/tenea-75x49.jpg 75w, https:\/\/www.pcnen.com\/portal\/wp-content\/uploads\/2018\/11\/tenea-220x143.jpg 220w\" sizes=\"(max-width: 300px) 100vw, 300px\" \/>Gr\u010dko Ministarstvo kulture je saop\u0161tilo da su arheolozi locirali prve opipljive ostatke izgubljenog anti\u010dkog grada, \u010diji su prvi stanovnici bili zarobljenici iz trojanskog rata nakon \u0161to je Gr\u010dka poharala Troju.<\/p>\n<p>U saop\u0161tenju se navodi da su tokom iskopavanja od septembra do po\u010detka oktobra u ju\u017enom gr\u010dkom regionu Peloponezu prona\u0111eni dokazi postojanja anti\u010dkog grada Tenee, za koji se do sada znalo samo iz anti\u010dkih tekstova, prenosi Srna.<\/p>\n<p>Glavni arheolog Elena Korka, koja radi na lokaciji od 2013. godine, rekla je agenciji AP da je tim otkrio zidove, ku\u0107i\u0161ta za vrata, podove objekata, vjerovatno ku\u0107a, i grn\u010dariju koja datira iz \u010detvrtog vijeka prije nove ere pa do doba Rima.<\/p>\n<p>Iskopavanja su nastavljena na bogatim grobljima oko drevne Tenee.<\/p>\n<p>Drevna Tenea je osnovana neposredno nakon trojanskog rata, a nalazila se oko 15 kilometara jugoisto\u010dno od Korinta i oko 20 kilometara sjeveroisto\u010dno od Mikene.<\/p>\n","protected":false},"excerpt":{"rendered":"<p>Gr\u010dko Ministarstvo kulture je saop\u0161tilo da su arheolozi locirali prve opipljive ostatke izgubljenog anti\u010dkog grada, \u010diji su prvi stanovnici bili zarobljenici iz trojanskog rata nakon \u0161to je Gr\u010dka poharala Troju. U saop\u0161tenju se navodi da su tokom iskopavanja od septembra do po\u010detka oktobra u ju\u017enom gr\u010dkom regionu Peloponezu prona\u0111eni dokazi postojanja anti\u010dkog grada Tenee, za [&hellip;]<\/p>\n","protected":false},"author":1,"featured_media":256565,"comment_status":"open","ping_status":"closed","sticky":false,"template":"","format":"standard","meta":{"_seopress_robots_primary_cat":"","_seopress_titles_title":"","_seopress_titles_desc":"","_seopress_robots_index":"","_et_pb_use_builder":"","_et_pb_old_content":"","_et_gb_content_width":"","inline_featured_image":false,"footnotes":""},"categories":[14,12],"tags":[],"class_list":["post-256564","post","type-post","status-publish","format-standard","has-post-thumbnail","hentry","category-vijesti","category-prica-dana"],"_links":{"self":[{"href":"https:\/\/www.pcnen.com\/portal\/wp-json\/wp\/v2\/posts\/256564","targetHints":{"allow":["GET"]}}],"collection":[{"href":"https:\/\/www.pcnen.com\/portal\/wp-json\/wp\/v2\/posts"}],"about":[{"href":"https:\/\/www.pcnen.com\/portal\/wp-json\/wp\/v2\/types\/post"}],"author":[{"embeddable":true,"href":"https:\/\/www.pcnen.com\/portal\/wp-json\/wp\/v2\/users\/1"}],"replies":[{"embeddable":true,"href":"https:\/\/www.pcnen.com\/portal\/wp-json\/wp\/v2\/comments?post=256564"}],"version-history":[{"count":0,"href":"https:\/\/www.pcnen.com\/portal\/wp-json\/wp\/v2\/posts\/256564\/revisions"}],"wp:featuredmedia":[{"embeddable":true,"href":"https:\/\/www.pcnen.com\/portal\/wp-json\/wp\/v2\/media\/256565"}],"wp:attachment":[{"href":"https:\/\/www.pcnen.com\/portal\/wp-json\/wp\/v2\/media?parent=256564"}],"wp:term":[{"taxonomy":"category","embeddable":true,"href":"https:\/\/www.pcnen.com\/portal\/wp-json\/wp\/v2\/categories?post=256564"},{"taxonomy":"post_tag","embeddable":true,"href":"https:\/\/www.pcnen.com\/portal\/wp-json\/wp\/v2\/tags?post=256564"}],"curies":[{"name":"wp","href":"https:\/\/api.w.org\/{rel}","templated":true}]}}