{"id":256510,"date":"2018-11-12T21:27:30","date_gmt":"2018-11-12T20:27:30","guid":{"rendered":"http:\/\/www.pcnen.com\/portal\/?p=256510"},"modified":"2018-11-12T21:27:30","modified_gmt":"2018-11-12T20:27:30","slug":"suncano-do-23-stepena","status":"publish","type":"post","link":"https:\/\/www.pcnen.com\/portal\/2018\/11\/12\/suncano-do-23-stepena\/","title":{"rendered":"Sun\u010dano, do 23 stepena"},"content":{"rendered":"<p><img loading=\"lazy\" decoding=\"async\" src=\"http:\/\/www.pcnen.com\/portal\/wp-content\/uploads\/2015\/11\/jesenja-svjetlost-300x240.jpg\" alt=\"\" width=\"300\" height=\"240\" class=\"alignleft size-medium wp-image-192507\" \/>U utorak \u0107e u Crnoj Gori biti prete\u017eno sun\u010dano. Na sjeveru \u0107e ujutro ili prijepodne po kotlinama biti magla i sumaglica. <\/p>\n<p>Vjetar \u0107e biti slab, promjenljiv. <\/p>\n<p>Jutarnja temperatura vazduha kreta\u0107e se od -2 do 12, najvi\u0161a dnevna 15 do 23 stepena.<\/p>\n<p>U Podgorici \u0107e biti prete\u017eno sun\u010dano. Duva\u0107e slab vjetar, promjenljivog smjerova. <\/p>\n<p>Jutarnja temperatura vazduha bi\u0107e oko 9, najvi\u0161a dnevna do 22 stepena.<\/p>\n<p><a href=\"http:\/\/www.meteo.co.me\/misc.php?text=121&amp;sektor=1&amp;grad=CET\" target=\"_blank\" rel=\"noopener\">Prognoza za ostale gradove.<\/a><\/p>\n","protected":false},"excerpt":{"rendered":"<p>U utorak \u0107e u Crnoj Gori biti prete\u017eno sun\u010dano. Na sjeveru \u0107e ujutro ili prijepodne po kotlinama biti magla i sumaglica. Vjetar \u0107e biti slab, promjenljiv. Jutarnja temperatura vazduha kreta\u0107e se od -2 do 12, najvi\u0161a dnevna 15 do 23 stepena. U Podgorici \u0107e biti prete\u017eno sun\u010dano. Duva\u0107e slab vjetar, promjenljivog smjerova. Jutarnja temperatura vazduha [&hellip;]<\/p>\n","protected":false},"author":1,"featured_media":0,"comment_status":"open","ping_status":"closed","sticky":false,"template":"","format":"standard","meta":{"_seopress_robots_primary_cat":"","_seopress_titles_title":"","_seopress_titles_desc":"","_seopress_robots_index":"","_et_pb_use_builder":"","_et_pb_old_content":"","_et_gb_content_width":"","inline_featured_image":false,"footnotes":""},"categories":[14,12],"tags":[],"class_list":["post-256510","post","type-post","status-publish","format-standard","hentry","category-vijesti","category-prica-dana"],"_links":{"self":[{"href":"https:\/\/www.pcnen.com\/portal\/wp-json\/wp\/v2\/posts\/256510","targetHints":{"allow":["GET"]}}],"collection":[{"href":"https:\/\/www.pcnen.com\/portal\/wp-json\/wp\/v2\/posts"}],"about":[{"href":"https:\/\/www.pcnen.com\/portal\/wp-json\/wp\/v2\/types\/post"}],"author":[{"embeddable":true,"href":"https:\/\/www.pcnen.com\/portal\/wp-json\/wp\/v2\/users\/1"}],"replies":[{"embeddable":true,"href":"https:\/\/www.pcnen.com\/portal\/wp-json\/wp\/v2\/comments?post=256510"}],"version-history":[{"count":0,"href":"https:\/\/www.pcnen.com\/portal\/wp-json\/wp\/v2\/posts\/256510\/revisions"}],"wp:attachment":[{"href":"https:\/\/www.pcnen.com\/portal\/wp-json\/wp\/v2\/media?parent=256510"}],"wp:term":[{"taxonomy":"category","embeddable":true,"href":"https:\/\/www.pcnen.com\/portal\/wp-json\/wp\/v2\/categories?post=256510"},{"taxonomy":"post_tag","embeddable":true,"href":"https:\/\/www.pcnen.com\/portal\/wp-json\/wp\/v2\/tags?post=256510"}],"curies":[{"name":"wp","href":"https:\/\/api.w.org\/{rel}","templated":true}]}}