{"id":256500,"date":"2018-11-12T17:18:33","date_gmt":"2018-11-12T16:18:33","guid":{"rendered":"http:\/\/www.pcnen.com\/portal\/?p=256500"},"modified":"2018-11-12T17:18:33","modified_gmt":"2018-11-12T16:18:33","slug":"drzava-ce-ubuduce-lakse-moci-da-oduzima-privatnu-imovinu","status":"publish","type":"post","link":"https:\/\/www.pcnen.com\/portal\/2018\/11\/12\/drzava-ce-ubuduce-lakse-moci-da-oduzima-privatnu-imovinu\/","title":{"rendered":"Dr\u017eava \u0107e ubudu\u0107e lak\u0161e mo\u0107i da oduzima privatnu imovinu"},"content":{"rendered":"<p><img loading=\"lazy\" decoding=\"async\" class=\"size-medium wp-image-70636 alignright\" src=\"http:\/\/www.pcnen.com\/portal\/wp-content\/uploads\/2011\/12\/paragraf-300x225.jpg\" alt=\"\" width=\"300\" height=\"225\" \/>Prema izmijenjenom i dopunjenom Zakonu o eksproprijaciji, koji je danas usvojio crnogorski parlament, dr\u017eava \u0107e mo\u0107i oduzimati privatnu imovinu po hitnom postupku.<\/p>\n<p>Predlo\u017eene izmjene i dopune zakona predlo\u017eili su poslanici\/ce Demokratske partije socijalista Predrag Sekuli\u0107, Marta \u0160\u0107epanovi\u0107, \u017deljko Aprcovi\u0107, Nikola Rako\u010devi\u0107 i Jovanka Lali\u010di\u0107.<\/p>\n<p>Protiv predlo\u017eenih izmjena i dopuna glasalo je 13 poslanika\/ca,<\/p>\n<p>Opozicija je kritikovala predlo\u017eene izmjene i dopune, dovode\u0107i ih u vezu sa namjerom vlasti da na lak\u0161i na\u010din otu\u0111i nekretnine u privatnom posjedu, koje su atraktivne za inostrane i doma\u0107e investiture.<\/p>\n","protected":false},"excerpt":{"rendered":"<p>Prema izmijenjenom i dopunjenom Zakonu o eksproprijaciji, koji je danas usvojio crnogorski parlament, dr\u017eava \u0107e mo\u0107i oduzimati privatnu imovinu po hitnom postupku. Predlo\u017eene izmjene i dopune zakona predlo\u017eili su poslanici\/ce Demokratske partije socijalista Predrag Sekuli\u0107, Marta \u0160\u0107epanovi\u0107, \u017deljko Aprcovi\u0107, Nikola Rako\u010devi\u0107 i Jovanka Lali\u010di\u0107. Protiv predlo\u017eenih izmjena i dopuna glasalo je 13 poslanika\/ca, Opozicija je [&hellip;]<\/p>\n","protected":false},"author":1,"featured_media":0,"comment_status":"open","ping_status":"closed","sticky":false,"template":"","format":"standard","meta":{"_seopress_robots_primary_cat":"","_seopress_titles_title":"","_seopress_titles_desc":"","_seopress_robots_index":"","_et_pb_use_builder":"","_et_pb_old_content":"","_et_gb_content_width":"","inline_featured_image":false,"footnotes":""},"categories":[14,12],"tags":[],"class_list":["post-256500","post","type-post","status-publish","format-standard","hentry","category-vijesti","category-prica-dana"],"_links":{"self":[{"href":"https:\/\/www.pcnen.com\/portal\/wp-json\/wp\/v2\/posts\/256500","targetHints":{"allow":["GET"]}}],"collection":[{"href":"https:\/\/www.pcnen.com\/portal\/wp-json\/wp\/v2\/posts"}],"about":[{"href":"https:\/\/www.pcnen.com\/portal\/wp-json\/wp\/v2\/types\/post"}],"author":[{"embeddable":true,"href":"https:\/\/www.pcnen.com\/portal\/wp-json\/wp\/v2\/users\/1"}],"replies":[{"embeddable":true,"href":"https:\/\/www.pcnen.com\/portal\/wp-json\/wp\/v2\/comments?post=256500"}],"version-history":[{"count":0,"href":"https:\/\/www.pcnen.com\/portal\/wp-json\/wp\/v2\/posts\/256500\/revisions"}],"wp:attachment":[{"href":"https:\/\/www.pcnen.com\/portal\/wp-json\/wp\/v2\/media?parent=256500"}],"wp:term":[{"taxonomy":"category","embeddable":true,"href":"https:\/\/www.pcnen.com\/portal\/wp-json\/wp\/v2\/categories?post=256500"},{"taxonomy":"post_tag","embeddable":true,"href":"https:\/\/www.pcnen.com\/portal\/wp-json\/wp\/v2\/tags?post=256500"}],"curies":[{"name":"wp","href":"https:\/\/api.w.org\/{rel}","templated":true}]}}