{"id":256486,"date":"2018-11-12T10:52:31","date_gmt":"2018-11-12T09:52:31","guid":{"rendered":"http:\/\/www.pcnen.com\/portal\/?p=256486"},"modified":"2018-11-12T14:33:33","modified_gmt":"2018-11-12T13:33:33","slug":"poziv-bosnjacima-u-srbiji-da-sandzak-pripoje-cg","status":"publish","type":"post","link":"https:\/\/www.pcnen.com\/portal\/2018\/11\/12\/poziv-bosnjacima-u-srbiji-da-sandzak-pripoje-cg\/","title":{"rendered":"Poziv Bo\u0161njacima u Srbiji da Sand\u017eak pripoje CG"},"content":{"rendered":"<p><img loading=\"lazy\" decoding=\"async\" src=\"http:\/\/www.pcnen.com\/portal\/wp-content\/uploads\/2017\/06\/Mapa_podjele_Sandzaka-300x272.jpg\" alt=\"\" width=\"300\" height=\"272\" class=\"alignleft size-medium wp-image-228547\" srcset=\"https:\/\/www.pcnen.com\/portal\/wp-content\/uploads\/2017\/06\/Mapa_podjele_Sandzaka-300x272.jpg 300w, https:\/\/www.pcnen.com\/portal\/wp-content\/uploads\/2017\/06\/Mapa_podjele_Sandzaka-235x213.jpg 235w, https:\/\/www.pcnen.com\/portal\/wp-content\/uploads\/2017\/06\/Mapa_podjele_Sandzaka-75x68.jpg 75w, https:\/\/www.pcnen.com\/portal\/wp-content\/uploads\/2017\/06\/Mapa_podjele_Sandzaka-220x200.jpg 220w, https:\/\/www.pcnen.com\/portal\/wp-content\/uploads\/2017\/06\/Mapa_podjele_Sandzaka.jpg 304w\" sizes=\"(max-width: 300px) 100vw, 300px\" \/>Predsjednik Bo\u0161nja\u010dkog saveza Crne Gore (BSCG) u Njujorku Esad Rastoder je pozvao Bo\u0161njake iz jugozapadne Srbije da taj region pripoje Crnoj Gori i ponudio punu podr\u0161ku za ovaj projekat.<\/p>\n<p>\u201e\u017delim da poru\u010dim Bo\u0161njacima Sand\u017eaka da aktiviraju referendum koji je sproveden ili da raspi\u0161u novi i da cijeli Sand\u017eak i ju\u017eni i sjeverni, pripoje Crnoj Gori. Ovom prilikom vam \u017eelimo poslati poruku da \u0107emo stati iza ovog projekta\u201c, naveo je Rastoder, prenosi RTCG.<\/p>\n","protected":false},"excerpt":{"rendered":"<p>Predsjednik Bo\u0161nja\u010dkog saveza Crne Gore (BSCG) u Njujorku Esad Rastoder je pozvao Bo\u0161njake iz jugozapadne Srbije da taj region pripoje Crnoj Gori i ponudio punu podr\u0161ku za ovaj projekat. \u201e\u017delim da poru\u010dim Bo\u0161njacima Sand\u017eaka da aktiviraju referendum koji je sproveden ili da raspi\u0161u novi i da cijeli Sand\u017eak i ju\u017eni i sjeverni, pripoje Crnoj Gori. [&hellip;]<\/p>\n","protected":false},"author":1,"featured_media":228547,"comment_status":"open","ping_status":"closed","sticky":false,"template":"","format":"standard","meta":{"_seopress_robots_primary_cat":"","_seopress_titles_title":"","_seopress_titles_desc":"","_seopress_robots_index":"","_et_pb_use_builder":"","_et_pb_old_content":"","_et_gb_content_width":"","inline_featured_image":false,"footnotes":""},"categories":[14,12],"tags":[],"class_list":["post-256486","post","type-post","status-publish","format-standard","has-post-thumbnail","hentry","category-vijesti","category-prica-dana"],"_links":{"self":[{"href":"https:\/\/www.pcnen.com\/portal\/wp-json\/wp\/v2\/posts\/256486","targetHints":{"allow":["GET"]}}],"collection":[{"href":"https:\/\/www.pcnen.com\/portal\/wp-json\/wp\/v2\/posts"}],"about":[{"href":"https:\/\/www.pcnen.com\/portal\/wp-json\/wp\/v2\/types\/post"}],"author":[{"embeddable":true,"href":"https:\/\/www.pcnen.com\/portal\/wp-json\/wp\/v2\/users\/1"}],"replies":[{"embeddable":true,"href":"https:\/\/www.pcnen.com\/portal\/wp-json\/wp\/v2\/comments?post=256486"}],"version-history":[{"count":0,"href":"https:\/\/www.pcnen.com\/portal\/wp-json\/wp\/v2\/posts\/256486\/revisions"}],"wp:featuredmedia":[{"embeddable":true,"href":"https:\/\/www.pcnen.com\/portal\/wp-json\/wp\/v2\/media\/228547"}],"wp:attachment":[{"href":"https:\/\/www.pcnen.com\/portal\/wp-json\/wp\/v2\/media?parent=256486"}],"wp:term":[{"taxonomy":"category","embeddable":true,"href":"https:\/\/www.pcnen.com\/portal\/wp-json\/wp\/v2\/categories?post=256486"},{"taxonomy":"post_tag","embeddable":true,"href":"https:\/\/www.pcnen.com\/portal\/wp-json\/wp\/v2\/tags?post=256486"}],"curies":[{"name":"wp","href":"https:\/\/api.w.org\/{rel}","templated":true}]}}