{"id":256467,"date":"2018-11-12T07:00:45","date_gmt":"2018-11-12T06:00:45","guid":{"rendered":"http:\/\/www.pcnen.com\/portal\/?p=256467"},"modified":"2018-11-11T23:23:57","modified_gmt":"2018-11-11T22:23:57","slug":"silna-energija-za-status-quo","status":"publish","type":"post","link":"https:\/\/www.pcnen.com\/portal\/2018\/11\/12\/silna-energija-za-status-quo\/","title":{"rendered":"Silna energija za status quo"},"content":{"rendered":"<p><strong><img loading=\"lazy\" decoding=\"async\" class=\"alignleft size-medium wp-image-180389\" src=\"http:\/\/www.pcnen.com\/portal\/wp-content\/uploads\/2015\/05\/zlatko-dizdarevic-300x222.jpg\" alt=\"\" width=\"300\" height=\"222\" \/>Autor: Zlatko Dizdarevi\u0107\u00a0\u00a0<\/strong><\/p>\n<p>Iskustvo iz pro\u0161losti sa \u201cstrancima\u201d u Bosni i Hercegovini je bolno. Uglavnom do\u0111u da porobe i ostanu koliko im istorija omogu\u0107i, a puno im omogu\u0107i. Onda se malo primire, pa onda opet juri\u0161 u okviru svjetskih ratova, ovdje uvijek zgodno tlo za tu\u0111e ratove. Onda poku\u0161avaju opet tihu \u201cgeostrate\u0161ku okupaciju\u201d i sa Istoka i sa Zapada, pa zapnu na istorijskom \u201cincidentu\u201d poput Josipa Broza i sa\u010dekaju pola stolje\u0107a \u2013 \u0161ta je to za njih \u2013 da bi onda opet do\u0161li kao kobajagi pomaga\u010di. Naravno, ponovo u svoju korist. Evo kao minulih tridesetak godina, sve do sada.<\/p>\n<p>Istorija je gruba i bezosje\u0107ajna pa mali poput nas te\u0161ko tu \u0161ta mogu. Osim kada se, rijetko, uhvatimo za ruke i dignemo svi skupa, kao u onih pomenutih pola stolje\u0107a. U me\u0111uvremenu, neki su se ovdje lijepo navikli da slu\u0161aju smjerno tu i takvu \u201cistoriju\u201d jer \u0161ta \u0107e\u0161, mali smo a i neke od osvaja\u010da volimo da prigrlimo kao \u201cna\u0161e\u201d, pa nam se \u010dini da i nije stra\u0161no. Ima dodu\u0161e i onih koji se tu i tamo pobune bez osobitih rezultata, ili na nagovor velikih kojima to odgovara, ili sebe radi, emotivno. Ve\u0107ina, u svakoj od varijanti uglavnom \u2013 \u0161uti.<\/p>\n<p>U vremenima u kojima nismo svoji a nije ni rat, evo kao sada, nije malo onih \u0161to te\u0161ko podnose osje\u0107aj da nas i voljeni i nevoljeni osvaja\u010di ru\u017eno i tu\u017eno prave i ludima. Uvjeravaju\u0107i nas da smo svoji eto ba\u0161 zato \u0161to smo de facto \u201cnjihovi\u201d. I nije problem \u0161to vi\u0161e nismo svoji, \u0161to bauljamo za njihovim jasnim i nejasnim ciljevima, \u0161to nas uvjeravaju da je sve to isklju\u010divo u na\u0161u korist iako ne znaju da to objasne, ve\u0107 je problem \u0161to u svemu tome doista misle da nam se sve to mo\u017ee prodati.<\/p>\n<p>Ovo \u0161to se de\u0161ava sada u Bosni i Hercegovini, pa i \u0161ire oko nas, sa susjedima i u \u201cregionu\u201d u okviru pri\u010de o tzv. me\u0111unarodnoj zajednici, \u0161kolski je primjer mazohisti\u010dkog prihvatanja nametnutih petljavina i \u0161utnje pred ne\u010dim \u0161to je, blago kazano, veliko ni\u0161ta, a potura nam se kao veliko i \u201ckonstruktivno\u201d. Toliko veliko da \u010dak i oni, sad ve\u0107 rutinski, vjeruju u tu la\u017e pa vintaju sa njom unaokolo po svijetu pretvaraju\u0107i je u realnost onoliko koliko i kome zatreba.<\/p>\n<p>Rezultanta svega toga vidljiva je za svakog politi\u010dkog amatera: Za sada ne diraj ni\u0161ta, \u010duvaj gr\u010devito evo ovo \u201cpostignuto\u201d u Makedoniji, Crnoj Gori, potom ono do sada lo\u0161e izvedeno na granici Srbije i Kosova, a u Bosni i Hercegovini u novom nastavku \u201cni\u010dega\u201d, ovjeriti pod hitno izbore kakvi nigdje tamo kod njih izvedeni na ovaj na\u010din ne bi bili prihva\u0107eni. Hladno i ultimativno.<\/p>\n<p>Ono \u0161to se u BiH naziva \u201cme\u0111unarodnom zajednicom\u201d, a tako je uglavnom i kod drugih u susjedstvu, dubiozno je i sve \u010de\u0161\u0107e bez odgovora \u2013 ko je to i \u0161ta je to. Od Evropske komisije, preko OHR-a do raznih komi\u010dno neusagla\u0161enih vanjskih igra\u010da i njihovih suprotstavljenih interesa. Ipak, svi su se oni usaglasili da je status quo za tzv. Zapadni Balkan u ovom \u010dasu najbolji: Rusiji je zatvoren izlaz na toplo more ovuda uvla\u010denjem Crne Gore u NATO.<\/p>\n<p>Ostaje jo\u0161 da im se blokiraju energetske ambicije tu okolo. Makedonija je kroz referendumsku \u0161prda\u010dinu \u2013 kakva ni u snu ne bi mogla da se uka\u017ee u nekoj od \u201cdemokratskih\u201d zemalja \u010dije blagodati sanjamo, ulazi u isti NATO a onda nekad i EU tragom istog vanjskog interesa.<\/p>\n<p>NATO i agresivci unutar njega \u2013 a kakvi bi druga\u010diji bili oni \u0161to \u017eive od pucanja \u2013 postali su ki\u010dma i kona\u010dni proizvo\u0111a\u010d \u201cpolitike\u201d u zapadnom svijetu. Odlaskom Angele Merkel i odjednom sampromicanjem malog Napoleona iz Pariza silno je oslabila teza da nema mijenjanja granica na Balkanu. A planovi o srbijansko-kosovskoj trampi za BiH, ali i ostale okolo otvaranje je Pandorine kutije. No, to \u0107e jo\u0161 da se vidi. \u201cDefinitivni planovi i koncepti\u201d ovdje ne moraju da traju du\u017ee od par mjeseci.<\/p>\n<p>U Bosni i Hercegovini de\u0161ava se taman onoliko pogor\u0161anja koliko donosi svaki nastavak lo\u0161eg. Poraz mudrosti, osje\u0107anja za realnost i hrabrosti za iskorak prepoznaje se sada i u potezima koje nam mentori nude kao rje\u0161enja \u0161to im ni slu\u010dajno ne bi padalo na pamet u vlastitoj ku\u0107i. A nama zapravo treba samo ono \u0161to je neupitno univerzalno i u njih. Problem i jeste u tome \u0161to oni nikada nisu ni poznavali, a kamo li primjenjivali staru narodnu koja veli: \u201cNe nudi drugome ono \u0161to ne \u017eeli\u0161 samome sebi\u201d.<\/p>\n<p>U svemu ovome pominje se i njihovo navodno nesnala\u017eenje pred kojim \u010dovjeku padaju na pamet najmanje dvije mogu\u0107nosti: ili na\u0161i \u201cpomaga\u010di\u201d doista misle da smo idioti pa mogu realizirati sve \u0161to im je interes plasiraju\u0107i to kao pomo\u0107 nama, ili pojma nemaju ni gdje su, ni \u0161ta ho\u0107e, ni o \u010demu se tu radi. I pri tome im u svekolikim marifetlucima ovdje uvijek ima ko ho\u0107e pomo\u0107i. Potreba za dodvoravanjem svemu izvana opet je nadvaladala. To ide cikli\u010dno.<\/p>\n<p>Nakon tridesetak godina boravaka stranaca koji nam eto poma\u017eu, i svih (ne)djela \u0161to doma\u0107i i dalje neometano \u010dine u ku\u0107i, epilog je jadan. Kod stranaca, te\u0161ko se prikrivaju razlike me\u0111u njima, pa i u va\u017enim procjenama izme\u0111u ureda Visokog predstavnika u BiH (OHR) s jedne strane i kancelarije EU sa druge. Tom odnosu i \u010dinjenici da sve \u010de\u0161\u0107e ni jedni ni drugi ne znaju \u201cni otkud su do\u0161li ni kuda su po\u0161li\u201d podsmjehuju se danas i lokalni politi\u010dari u Sarajevu.<\/p>\n<p>Recimo, o\u010digledan je napor iz kancelarije EU da se \u0161to prije gurne pod tepih sve ono \u0161to je doista bilo sramno u izbornom procesu minulog mjeseca da bi se po svaku cijenu i ako mo\u017ee preko no\u0107i formirala vlast na svim nivoima, i tako nastavio \u201creformski proces u zemlji\u201d (sic!). Reformi \u010dega?<\/p>\n<p>Kako druga\u010dije pro\u010ditati znakovitu \u0161utnju vode\u0107ih u kancelariji EU \u2013 uz sve muke koje tamo imaju sa vlastitom egzistencijom \u2013 pred jasnim napadima na temelje onoga \u0161to se zove ustavom BiH, eto u uvjerenju da \u0107e ta \u0161utnja donijeti mir. Kako je mogu\u0107e da niko ne shvata da je ovdje i \u201cbogu i ljudim\u201d dozlogrdila isprazna i \u0161uplja retorika dovedena do \u0161prda\u010dine pozivanjima na \u201cpoduzimanje mjera odmah, kako bi se oja\u010dala vladavina prava!\u201d<\/p>\n<p>Kako kad je smisao politike ovdje potpuno obesmisliti vladavinu prava da bi se profitiralo na vladavini \u201cneprava\u201d. I to sve u organizaciji ljudi koje na\u0161i demokratski mentori javno legitimiraju prelaze\u0107i hladno preko kra\u0111a na izborima jer je rije\u010d o onima \u0161to su postali \u201cve\u0107ina\u201d.<\/p>\n<p>A ovdje je svaka ve\u0107ina koja ja\u0161e na \u201cnepravu\u201d prihvatljivija od svake manjine koja djeluje u okviru vladavine prava! Isto je i sa pozivima na \u201cja\u010danje funkcionalnosti, stabilnosti i neovisnosti zvani\u010dnih institucija\u201d. Ako mo\u017ee odmah! A povjerenici za tu operaciju \u201cja\u010danja\u201d su tri nacionalne stranke i niko drugi jer nikog drugog bezmalo i nema u zvani\u010dnim institucijama. Drugi nisu \u201ckonstitutivni\u201d. Valjda je i to \u201ceuropski standard\u201d.<\/p>\n<p>Ka\u017ee prije neki dan u Ujedinjenim nacijama Valentin Inzko, Visoki predstavnik me\u0111unarodne zajednice u BiH koji je, ina\u010de dobar onako, kao \u010dovjek, znam ga jo\u0161 od rata kada je bio ambasador Austrije u Sarajevu: \u201cNakon izbora, politi\u010dki lideri BiHa imat \u0107e priliku za novi po\u010detak \u2013 novi po\u010detak za zemlju (zanimljivo prevodioci nisu pojam preveli kao dr\u017eavu), za entitete, za kantone, ali prije svega za svoje izvanredne gra\u0111ane. Treba da je iskoriste tako da pobolj\u0161aju \u017eivote svojih gra\u0111ana&#8230;\u201d<\/p>\n<p>\u017dao mi je, ali o ovakvom i sli\u010dnim re\u010denicama izgovorenim od ovda\u0161njih uposlenika svjetske birokracije, ti isti \u201cizvanredni gra\u0111ani\u201d pri\u010daju viceve. Jedini urnebesniji vic od onih koje oni, gra\u0111ani, sada pri\u010daju jeste u \u010dinjenici da je velika ve\u0107ina njih prije samo mjesec dana glasala na doma\u0107em terenu za ljude kojima je cilj isti taj projekt kao i strancima \u2013 status quo po svaku cijenu.<\/p>\n<p>Sjajni sarajevski profesor Nerzuk \u0106urak napisao je ovih dana tekst o mentalitetu i sre\u0107i jednog naroda ovdje, zaljubljenog u dobrotu svog ve\u0107 mitskog biv\u0161eg lidera. Po mnogo \u010demu klju\u010dna re\u010denica teksta je: \u201cPolitika je te\u0161ka ljudska aktivnost, naro\u010dito ako ste odgovorni, ako razumijevate da se Va\u0161e odluke ti\u010du \u017eivota velikog broja ljudi. Zato je politika onaj prostor ljudskog anga\u017emana koji se ne mjeri namjerom, nego rezultatom&#8230;\u201d A koliko se lo\u0161ih svari slilo na tragu kobajagi dobrih namjera ovdje.<\/p>\n<p>Te\u0161ko se sjetiti nekoga i me\u0111u strancima i me\u0111u doma\u0107im politi\u010darima ko nam se predstavio pravim konkretnim rezultatom, \u0161to bi kazali ovdje \u2013 u korist raje. Uspjehom vidljivim i mjerljivim. Shvatila vlast svih vrsta da dobri ljudi vole snove i obe\u0107anja. Tako su spokojni i oni \u0161to obe\u0107avaju, i oni \u0161to obe\u0107anjima vjeruju. Uz zaborav opet jedne narodne: Obe\u0107anje \u2013 ludom radovanje.<\/p>\n<p>Pa ako im je lijepo, neka tako i ostane. Vidjet \u0107emo dokle.<\/p>\n<p><a href=\"http:\/\/www.novilist.hr\/Komentari\/Kolumne\/Balkanski-ambasador-Zlatka-Dizdarevica\/ZLATKO-DIZDAREVIC-Silna-energija-za-status-quo\">Novi list<\/a><\/p>\n","protected":false},"excerpt":{"rendered":"<p>Shvatila vlast svih vrsta da dobri ljudi vole snove i obe\u0107anja. Tako su spokojni i oni \u0161to obe\u0107avaju, i oni \u0161to obe\u0107anjima vjeruju. Uz zaborav opet jedne narodne: \u201cObe\u0107anje \u2013 ludom radovanje\u201d<\/p>\n","protected":false},"author":1,"featured_media":0,"comment_status":"open","ping_status":"closed","sticky":false,"template":"","format":"standard","meta":{"_seopress_robots_primary_cat":"","_seopress_titles_title":"","_seopress_titles_desc":"","_seopress_robots_index":"","_et_pb_use_builder":"","_et_pb_old_content":"","_et_gb_content_width":"","inline_featured_image":false,"footnotes":""},"categories":[5],"tags":[],"class_list":["post-256467","post","type-post","status-publish","format-standard","hentry","category-drugi-pisu"],"_links":{"self":[{"href":"https:\/\/www.pcnen.com\/portal\/wp-json\/wp\/v2\/posts\/256467","targetHints":{"allow":["GET"]}}],"collection":[{"href":"https:\/\/www.pcnen.com\/portal\/wp-json\/wp\/v2\/posts"}],"about":[{"href":"https:\/\/www.pcnen.com\/portal\/wp-json\/wp\/v2\/types\/post"}],"author":[{"embeddable":true,"href":"https:\/\/www.pcnen.com\/portal\/wp-json\/wp\/v2\/users\/1"}],"replies":[{"embeddable":true,"href":"https:\/\/www.pcnen.com\/portal\/wp-json\/wp\/v2\/comments?post=256467"}],"version-history":[{"count":0,"href":"https:\/\/www.pcnen.com\/portal\/wp-json\/wp\/v2\/posts\/256467\/revisions"}],"wp:attachment":[{"href":"https:\/\/www.pcnen.com\/portal\/wp-json\/wp\/v2\/media?parent=256467"}],"wp:term":[{"taxonomy":"category","embeddable":true,"href":"https:\/\/www.pcnen.com\/portal\/wp-json\/wp\/v2\/categories?post=256467"},{"taxonomy":"post_tag","embeddable":true,"href":"https:\/\/www.pcnen.com\/portal\/wp-json\/wp\/v2\/tags?post=256467"}],"curies":[{"name":"wp","href":"https:\/\/api.w.org\/{rel}","templated":true}]}}