{"id":25623,"date":"2008-09-04T19:29:56","date_gmt":"2008-09-04T19:29:56","guid":{"rendered":"http:\/\/www.pcnen.com\/portal\/?p=25623"},"modified":"2008-09-04T19:29:56","modified_gmt":"2008-09-04T19:29:56","slug":"beogradski-festival-poezije","status":"publish","type":"post","link":"https:\/\/www.pcnen.com\/portal\/2008\/09\/04\/beogradski-festival-poezije\/","title":{"rendered":"Beogradski festival poezije"},"content":{"rendered":"<p>Drugi Beogradski festival poezije bi\u0107e odr\u017ean od 7. do 13. septembra u organizaciji Tre\u0107eg Trga i Srpskog PEN centra, a&nbsp; u saradni sa Srpskim knji\u017eevnim dru&scaron;tvom. Beogradskoj publici predstavi\u0107e se neke od najzna\u010dajnijih savremenih pjesnika (13 autora iz 12 zemalja) i vizuelnih umjetnika. <\/p>\n","protected":false},"excerpt":{"rendered":"<p>Drugi Beogradski festival poezije bi\u0107e odr\u017ean od 7. do 13. septembra u organizaciji Tre\u0107eg Trga i Srpskog PEN centra, a&nbsp; u saradni sa Srpskim knji\u017eevnim dru&scaron;tvom. Beogradskoj publici predstavi\u0107e se neke od najzna\u010dajnijih savremenih pjesnika (13 autora iz 12 zemalja) i vizuelnih umjetnika.<\/p>\n","protected":false},"author":1,"featured_media":0,"comment_status":"open","ping_status":"closed","sticky":false,"template":"","format":"standard","meta":{"_seopress_robots_primary_cat":"","_seopress_titles_title":"","_seopress_titles_desc":"","_seopress_robots_index":"","_et_pb_use_builder":"","_et_pb_old_content":"","_et_gb_content_width":"","inline_featured_image":false,"footnotes":""},"categories":[14],"tags":[],"class_list":["post-25623","post","type-post","status-publish","format-standard","hentry","category-vijesti"],"_links":{"self":[{"href":"https:\/\/www.pcnen.com\/portal\/wp-json\/wp\/v2\/posts\/25623","targetHints":{"allow":["GET"]}}],"collection":[{"href":"https:\/\/www.pcnen.com\/portal\/wp-json\/wp\/v2\/posts"}],"about":[{"href":"https:\/\/www.pcnen.com\/portal\/wp-json\/wp\/v2\/types\/post"}],"author":[{"embeddable":true,"href":"https:\/\/www.pcnen.com\/portal\/wp-json\/wp\/v2\/users\/1"}],"replies":[{"embeddable":true,"href":"https:\/\/www.pcnen.com\/portal\/wp-json\/wp\/v2\/comments?post=25623"}],"version-history":[{"count":0,"href":"https:\/\/www.pcnen.com\/portal\/wp-json\/wp\/v2\/posts\/25623\/revisions"}],"wp:attachment":[{"href":"https:\/\/www.pcnen.com\/portal\/wp-json\/wp\/v2\/media?parent=25623"}],"wp:term":[{"taxonomy":"category","embeddable":true,"href":"https:\/\/www.pcnen.com\/portal\/wp-json\/wp\/v2\/categories?post=25623"},{"taxonomy":"post_tag","embeddable":true,"href":"https:\/\/www.pcnen.com\/portal\/wp-json\/wp\/v2\/tags?post=25623"}],"curies":[{"name":"wp","href":"https:\/\/api.w.org\/{rel}","templated":true}]}}