{"id":256213,"date":"2018-11-06T16:26:40","date_gmt":"2018-11-06T15:26:40","guid":{"rendered":"http:\/\/www.pcnen.com\/portal\/?p=256213"},"modified":"2018-11-06T16:26:40","modified_gmt":"2018-11-06T15:26:40","slug":"vlada-kosova-uvela-takse-od-10-posto-na-uvoz-iz-srbije-i-bih","status":"publish","type":"post","link":"https:\/\/www.pcnen.com\/portal\/2018\/11\/06\/vlada-kosova-uvela-takse-od-10-posto-na-uvoz-iz-srbije-i-bih\/","title":{"rendered":"Vlada Kosova uvela takse od 10 posto na uvoz iz Srbije i BiH"},"content":{"rendered":"<p><img loading=\"lazy\" decoding=\"async\" src=\"http:\/\/www.pcnen.com\/portal\/wp-content\/uploads\/2016\/07\/kosovo-srbija-granica-300x212.jpg\" alt=\"\" width=\"300\" height=\"212\" class=\"alignleft size-medium wp-image-209684\" \/>Vlada Kosova je usvojila odluku o uvo\u0111enju za\u0161titnih mjera za uvoz svih proizvoda koji se proizvode u Srbiji i Bosni i Hercegovini.<\/p>\n<p>Mjera podrazumeva taksu od 10 posto na sve proizvode koji se uvoze na Kosovu sa porijeklom iz Srbije i BiH, prenosi RSE.<\/p>\n<p>Izuzetak su proizvodi me\u0111unarodnih brendova koji se proizvode u te dvije zemlje, saop\u0161teno je iz Vlade Kosova.<\/p>\n<p>Premijer Ramu\u0161 Haradinaj ovu je mjeru obrazlo\u017eio kao za\u0161titnu za kosovsku privredu.<\/p>\n","protected":false},"excerpt":{"rendered":"<p>Vlada Kosova je usvojila odluku o uvo\u0111enju za\u0161titnih mjera za uvoz svih proizvoda koji se proizvode u Srbiji i Bosni i Hercegovini. Mjera podrazumeva taksu od 10 posto na sve proizvode koji se uvoze na Kosovu sa porijeklom iz Srbije i BiH, prenosi RSE. Izuzetak su proizvodi me\u0111unarodnih brendova koji se proizvode u te dvije [&hellip;]<\/p>\n","protected":false},"author":1,"featured_media":0,"comment_status":"open","ping_status":"closed","sticky":false,"template":"","format":"standard","meta":{"_seopress_robots_primary_cat":"","_seopress_titles_title":"","_seopress_titles_desc":"","_seopress_robots_index":"","_et_pb_use_builder":"","_et_pb_old_content":"","_et_gb_content_width":"","inline_featured_image":false,"footnotes":""},"categories":[14],"tags":[],"class_list":["post-256213","post","type-post","status-publish","format-standard","hentry","category-vijesti"],"_links":{"self":[{"href":"https:\/\/www.pcnen.com\/portal\/wp-json\/wp\/v2\/posts\/256213","targetHints":{"allow":["GET"]}}],"collection":[{"href":"https:\/\/www.pcnen.com\/portal\/wp-json\/wp\/v2\/posts"}],"about":[{"href":"https:\/\/www.pcnen.com\/portal\/wp-json\/wp\/v2\/types\/post"}],"author":[{"embeddable":true,"href":"https:\/\/www.pcnen.com\/portal\/wp-json\/wp\/v2\/users\/1"}],"replies":[{"embeddable":true,"href":"https:\/\/www.pcnen.com\/portal\/wp-json\/wp\/v2\/comments?post=256213"}],"version-history":[{"count":0,"href":"https:\/\/www.pcnen.com\/portal\/wp-json\/wp\/v2\/posts\/256213\/revisions"}],"wp:attachment":[{"href":"https:\/\/www.pcnen.com\/portal\/wp-json\/wp\/v2\/media?parent=256213"}],"wp:term":[{"taxonomy":"category","embeddable":true,"href":"https:\/\/www.pcnen.com\/portal\/wp-json\/wp\/v2\/categories?post=256213"},{"taxonomy":"post_tag","embeddable":true,"href":"https:\/\/www.pcnen.com\/portal\/wp-json\/wp\/v2\/tags?post=256213"}],"curies":[{"name":"wp","href":"https:\/\/api.w.org\/{rel}","templated":true}]}}