{"id":25615,"date":"2008-09-04T12:35:29","date_gmt":"2008-09-04T12:35:29","guid":{"rendered":"http:\/\/www.pcnen.com\/portal\/?p=25615"},"modified":"2008-09-04T12:35:29","modified_gmt":"2008-09-04T12:35:29","slug":"bivsem-vicekonzulu-srbije-pritvor-do-30-dana","status":"publish","type":"post","link":"https:\/\/www.pcnen.com\/portal\/2008\/09\/04\/bivsem-vicekonzulu-srbije-pritvor-do-30-dana\/","title":{"rendered":"Biv\u0161em vicekonzulu Srbije pritvor do 30 dana"},"content":{"rendered":"<p>Sud u Beogradu odredio danas pritvor do 30 dana biv&scaron;em vicekonzulu Srbije u Njujorku Igoru Milo&scaron;evi\u0107u i pokrenuo istragu protiv njega zbog sumnje da je Miladinu Kova\u010devi\u0107u, kome su ameri\u010dke vlasti oduzele paso&scaron;, izdao privremenu putnu dozvolu, re\u010deno je <em>Tanjugu<\/em> u tom sudu. <\/p>\n<p>Istra\u017eni sudija saslu&scaron;ao je Milo&scaron;evi\u0107a i donio rie&scaron;enja o sprovo\u0111enju istrage i odre\u0111ivanju pritvora protiv Milo&scaron;evi\u0107a zbog sumnje da je izvr&scaron;io krivi\u010dna djela zloupotrebe slu\u017ebenog polo\u017eaja u sticaju sa krivi\u010dnim djelom falsifikovanja sluzbene isprave.<\/p>\n<p>Protiv Milo&scaron;evi\u0107a je ranije pokrenut disciplinski postupak u Ministarstvu spoljnih poslova Srbije i on je opozvan sa funkcije vicekonzula. <\/p>\n<p>Za Kova\u010devi\u0107em, koji je sa tom putnom ispravom pre&scaron;ao u Srbiju, izdata je me\u0111unarodna potjernica Interpola jer ga ameri\u010dke vlasti tra\u017ee zato &scaron;to je u jednom studentskom baru u Bingamtonu, tokom tu\u010de nanio te&scaron;ke tjelesne povrede Brajanu &Scaron;tajnhaueru, 4. maja ove godine. <\/p>\n<p>Kova\u010devi\u0107 je uhap&scaron;en poslije tu\u010de i oduzet mu je paso&scaron; kako ne bi mogao da napusti SAD, ali je njegova majka platila kauciju od 100.000 dolara. <\/p>\n<p>Po izlasku iz pritvora Kova\u010devi\u0107 je sa privremenom putnom ispravom koju mu je izdao konzulat Srbije u Njujorku napustio SAD i vratio se u Srbiju.<\/p>\n","protected":false},"excerpt":{"rendered":"<p>Sud u Beogradu odredio danas pritvor do 30 dana biv&scaron;em vicekonzulu Srbije u Njujorku Igoru Milo&scaron;evi\u0107u i pokrenuo istragu protiv njega zbog sumnje da je Miladinu Kova\u010devi\u0107u, kome su ameri\u010dke vlasti oduzele paso&scaron;, izdao privremenu putnu dozvolu, re\u010deno je Tanjugu u tom sudu. Istra\u017eni sudija saslu&scaron;ao je Milo&scaron;evi\u0107a i donio rie&scaron;enja o sprovo\u0111enju istrage i [&hellip;]<\/p>\n","protected":false},"author":1,"featured_media":0,"comment_status":"open","ping_status":"closed","sticky":false,"template":"","format":"standard","meta":{"_seopress_robots_primary_cat":"","_seopress_titles_title":"","_seopress_titles_desc":"","_seopress_robots_index":"","_et_pb_use_builder":"","_et_pb_old_content":"","_et_gb_content_width":"","inline_featured_image":false,"footnotes":""},"categories":[14],"tags":[],"class_list":["post-25615","post","type-post","status-publish","format-standard","hentry","category-vijesti"],"_links":{"self":[{"href":"https:\/\/www.pcnen.com\/portal\/wp-json\/wp\/v2\/posts\/25615","targetHints":{"allow":["GET"]}}],"collection":[{"href":"https:\/\/www.pcnen.com\/portal\/wp-json\/wp\/v2\/posts"}],"about":[{"href":"https:\/\/www.pcnen.com\/portal\/wp-json\/wp\/v2\/types\/post"}],"author":[{"embeddable":true,"href":"https:\/\/www.pcnen.com\/portal\/wp-json\/wp\/v2\/users\/1"}],"replies":[{"embeddable":true,"href":"https:\/\/www.pcnen.com\/portal\/wp-json\/wp\/v2\/comments?post=25615"}],"version-history":[{"count":0,"href":"https:\/\/www.pcnen.com\/portal\/wp-json\/wp\/v2\/posts\/25615\/revisions"}],"wp:attachment":[{"href":"https:\/\/www.pcnen.com\/portal\/wp-json\/wp\/v2\/media?parent=25615"}],"wp:term":[{"taxonomy":"category","embeddable":true,"href":"https:\/\/www.pcnen.com\/portal\/wp-json\/wp\/v2\/categories?post=25615"},{"taxonomy":"post_tag","embeddable":true,"href":"https:\/\/www.pcnen.com\/portal\/wp-json\/wp\/v2\/tags?post=25615"}],"curies":[{"name":"wp","href":"https:\/\/api.w.org\/{rel}","templated":true}]}}