{"id":25614,"date":"2008-09-04T12:32:24","date_gmt":"2008-09-04T12:32:24","guid":{"rendered":"http:\/\/www.pcnen.com\/portal\/?p=25614"},"modified":"2008-09-04T12:32:24","modified_gmt":"2008-09-04T12:32:24","slug":"avramov-sporazum-karadzic-holbruk-drzala-sam-u-svojim-rukama","status":"publish","type":"post","link":"https:\/\/www.pcnen.com\/portal\/2008\/09\/04\/avramov-sporazum-karadzic-holbruk-drzala-sam-u-svojim-rukama\/","title":{"rendered":"Avramov: Sporazum Karad\u017ei\u0107 &#8211; Holbruk dr\u017eala sam u svojim rukama"},"content":{"rendered":"<p>Profesor Smilja Avramov rekla je u Banja Luci da se sa velikim zadovoljstvom nalazi u timu odbrane prvom predsjedniku Republike Srpske Radovanu Karad\u017ei\u0107u. Ona je ponovila da vi&scaron;e nije nikakva tajna da je postojao dogovor Karad\u017ei\u0107a i Holbruka .<\/p>\n<p>&quot;To su \u010dinjenice da je zaklju\u010den takav sporazum, ja sam ga vidjela i dr\u017eala sam ga u mojim rukama&quot;, rekla je Avramov.<\/p>\n<p>Ona je podsjetila da je jo&scaron; 1993. godine prisustvovala u Ujedinjenim nacijama pripremnom sastanku za osnivanje Ha&scaron;kog tribunala, koji je sazvao tada&scaron;nji generalni sekretar.<\/p>\n<p>&quot;Imala sam tu \u010dast da me\u0111u 87 svjetskih eksperata budem i ja i mogu da vam ka\u017eem da se ni jedan od svjetskih ekspearata nije izjasnio za osnivanje Tribunala, nego su svi bili protiv&quot;, kazala je Avramov.<\/p>\n<p>Ona je rekla da je Sud u Hagu politi\u010dki i da nema nikakve veze s me\u0111unarodnim pravom. Komentari&scaron;u\u0107i izvje&scaron;taj vlade RS o ratnim de&scaron;avanjima u i oko Srebrenice iz ljeta 1995. godine, ona je rekla da on nema pravne validnosti.<\/p>\n<p>&quot;Jedan od ameri\u010dkih teorti\u010dara kritikovao je vladu RS &scaron;to je pod pritiskom dala onakve izjave o Srebrenici, smatraju\u0107i da one nemaju nikakvog osnova&quot;, rekla je Avramov.<\/p>\n","protected":false},"excerpt":{"rendered":"<p>Profesor Smilja Avramov rekla je u Banja Luci da se sa velikim zadovoljstvom nalazi u timu odbrane prvom predsjedniku Republike Srpske Radovanu Karad\u017ei\u0107u. Ona je ponovila da vi&scaron;e nije nikakva tajna da je postojao dogovor Karad\u017ei\u0107a i Holbruka . &quot;To su \u010dinjenice da je zaklju\u010den takav sporazum, ja sam ga vidjela i dr\u017eala sam ga [&hellip;]<\/p>\n","protected":false},"author":1,"featured_media":0,"comment_status":"open","ping_status":"closed","sticky":false,"template":"","format":"standard","meta":{"_seopress_robots_primary_cat":"","_seopress_titles_title":"","_seopress_titles_desc":"","_seopress_robots_index":"","_et_pb_use_builder":"","_et_pb_old_content":"","_et_gb_content_width":"","inline_featured_image":false,"footnotes":""},"categories":[14],"tags":[],"class_list":["post-25614","post","type-post","status-publish","format-standard","hentry","category-vijesti"],"_links":{"self":[{"href":"https:\/\/www.pcnen.com\/portal\/wp-json\/wp\/v2\/posts\/25614","targetHints":{"allow":["GET"]}}],"collection":[{"href":"https:\/\/www.pcnen.com\/portal\/wp-json\/wp\/v2\/posts"}],"about":[{"href":"https:\/\/www.pcnen.com\/portal\/wp-json\/wp\/v2\/types\/post"}],"author":[{"embeddable":true,"href":"https:\/\/www.pcnen.com\/portal\/wp-json\/wp\/v2\/users\/1"}],"replies":[{"embeddable":true,"href":"https:\/\/www.pcnen.com\/portal\/wp-json\/wp\/v2\/comments?post=25614"}],"version-history":[{"count":0,"href":"https:\/\/www.pcnen.com\/portal\/wp-json\/wp\/v2\/posts\/25614\/revisions"}],"wp:attachment":[{"href":"https:\/\/www.pcnen.com\/portal\/wp-json\/wp\/v2\/media?parent=25614"}],"wp:term":[{"taxonomy":"category","embeddable":true,"href":"https:\/\/www.pcnen.com\/portal\/wp-json\/wp\/v2\/categories?post=25614"},{"taxonomy":"post_tag","embeddable":true,"href":"https:\/\/www.pcnen.com\/portal\/wp-json\/wp\/v2\/tags?post=25614"}],"curies":[{"name":"wp","href":"https:\/\/api.w.org\/{rel}","templated":true}]}}