{"id":25606,"date":"2008-09-03T18:00:11","date_gmt":"2008-09-03T18:00:11","guid":{"rendered":"http:\/\/www.pcnen.com\/portal\/?p=25606"},"modified":"2008-09-03T18:00:11","modified_gmt":"2008-09-03T18:00:11","slug":"policije-rs-fbih-cg-i-hrvatske-nastavljaju-akcije","status":"publish","type":"post","link":"https:\/\/www.pcnen.com\/portal\/2008\/09\/03\/policije-rs-fbih-cg-i-hrvatske-nastavljaju-akcije\/","title":{"rendered":"Policije RS, FBiH, CG i Hrvatske nastavljaju akcije"},"content":{"rendered":"<p>Policije Republike Srpske, Federacije BiH, Crne Gore i Hrvatske i dalje \u0107e sara\u0111ivati i zajedni\u010dkim akcijama raditi na sprje\u010davanju i li&scaron;avanju slobode lica koja se bave ne samo proizvodnjom i prometom droga, ve\u0107 terorizmom, trgovinom ljudima i i drugim te&scaron;kim krivi\u010dnim djelima, zaklju\u010dak je sa dana&scaron;njeg sastanka predstavnika ovih policija u Trebinju.<\/p>\n<p>&quot;Malo je re\u0107i da na&scaron;e policije samo sara\u0111uju, one rade zajedno i prethodne aktivnosti nisu trenutne i jedine, ve\u0107 traju i dalje se nastavljaju&quot;, rekao je novinarima nakon sastanka direktor policije RS Uro&scaron; Pena.<\/p>\n<p>On je podsjetio da je u \u010detvorodnevnim akcijama u protekloj sedmici na podru\u010dju BiH zbog krivi\u010dnih djela proizvodnje i trgovine opojnim drogama i terorizma slobode li&scaron;eno 56 lica, dok je za devet raspisana potjernica.<\/p>\n<p>U isto vrijeme na podru\u010dju Crne Gore je za ista krivi\u010dna djela slobode li&scaron;eno 21 lice, a na podru\u010dju Hrvatske, u proteklih sedam mjeseci, 11 osoba i zaplijenjeno oko 65 kilograma marihuane.<\/p>\n<p>Radi uspje&scaron;nije saradnje i konkretnih dogovora spre\u010davanja te&scaron;kih krivi\u010dnih djela Pena je za 15-tak dana u Banjaluci najavio sastanke na\u010delnika uprave kriminalisti\u010dkih policija u\u010desnica dana&scaron;njeg sastanka. <\/p>\n<p>Osim direktora policije RS Uro&scaron;a Pene, na \u010diji poziv je i odr\u017ean sastanak u Trebinju, prisustvovali su i direktori policija Federacije BiH Zlatko Mileti\u0107, Crne Gore Veselin Veljovi\u0107 i zamjenik direktora policije Hrvatske Ivan Na\u0111.<\/p>\n","protected":false},"excerpt":{"rendered":"<p>Policije Republike Srpske, Federacije BiH, Crne Gore i Hrvatske i dalje \u0107e sara\u0111ivati i zajedni\u010dkim akcijama raditi na sprje\u010davanju i li&scaron;avanju slobode lica koja se bave ne samo proizvodnjom i prometom droga, ve\u0107 terorizmom, trgovinom ljudima i i drugim te&scaron;kim krivi\u010dnim djelima, zaklju\u010dak je sa dana&scaron;njeg sastanka predstavnika ovih policija u Trebinju. &quot;Malo je re\u0107i [&hellip;]<\/p>\n","protected":false},"author":1,"featured_media":0,"comment_status":"open","ping_status":"closed","sticky":false,"template":"","format":"standard","meta":{"_seopress_robots_primary_cat":"","_seopress_titles_title":"","_seopress_titles_desc":"","_seopress_robots_index":"","_et_pb_use_builder":"","_et_pb_old_content":"","_et_gb_content_width":"","inline_featured_image":false,"footnotes":""},"categories":[14],"tags":[],"class_list":["post-25606","post","type-post","status-publish","format-standard","hentry","category-vijesti"],"_links":{"self":[{"href":"https:\/\/www.pcnen.com\/portal\/wp-json\/wp\/v2\/posts\/25606","targetHints":{"allow":["GET"]}}],"collection":[{"href":"https:\/\/www.pcnen.com\/portal\/wp-json\/wp\/v2\/posts"}],"about":[{"href":"https:\/\/www.pcnen.com\/portal\/wp-json\/wp\/v2\/types\/post"}],"author":[{"embeddable":true,"href":"https:\/\/www.pcnen.com\/portal\/wp-json\/wp\/v2\/users\/1"}],"replies":[{"embeddable":true,"href":"https:\/\/www.pcnen.com\/portal\/wp-json\/wp\/v2\/comments?post=25606"}],"version-history":[{"count":0,"href":"https:\/\/www.pcnen.com\/portal\/wp-json\/wp\/v2\/posts\/25606\/revisions"}],"wp:attachment":[{"href":"https:\/\/www.pcnen.com\/portal\/wp-json\/wp\/v2\/media?parent=25606"}],"wp:term":[{"taxonomy":"category","embeddable":true,"href":"https:\/\/www.pcnen.com\/portal\/wp-json\/wp\/v2\/categories?post=25606"},{"taxonomy":"post_tag","embeddable":true,"href":"https:\/\/www.pcnen.com\/portal\/wp-json\/wp\/v2\/tags?post=25606"}],"curies":[{"name":"wp","href":"https:\/\/api.w.org\/{rel}","templated":true}]}}